{"id":15157,"date":"2023-07-20T09:52:05","date_gmt":"2023-07-20T07:52:05","guid":{"rendered":"https:\/\/www.lacooperativewelcoop.com\/?p=15157"},"modified":"2023-07-20T09:52:07","modified_gmt":"2023-07-20T07:52:07","slug":"communique-de-presse-04-juillet-2023","status":"publish","type":"post","link":"https:\/\/www.lacooperativewelcoop.com\/en\/blog\/communique-de-presse-04-juillet-2023\/","title":{"rendered":"Communiqu\u00e9 de presse du 04 juillet 2023"},"content":{"rendered":"<p class=\"lead text-primary\">La Coop\u00e9rative Welcoop d\u00e9voile sa strat\u00e9gie au b\u00e9n\u00e9fice du patient : \u00eatre un contributeur majeur de l\u2019efficience du syst\u00e8me de sant\u00e9 \u00e0 horizon 2023-2026.\r\n<\/p>\n\n\n<ul class=\"wp-block-list\">\n<li><strong>La Coop\u00e9rative Welcoop, acteur majeur du monde pharmaceutique fran\u00e7ais avec 4 000 coop\u00e9rateurs, 1 800 collaborateurs et un positionnement coop\u00e9ratif diff\u00e9renciant sur le march\u00e9, affiche les ambitions de sa nouvelle gouvernance pour r\u00e9pondre aux grands enjeux de sant\u00e9 publique.<\/strong><\/li>\n<\/ul>\n\n\n\n<ul class=\"wp-block-list\">\n<li><strong>Gr\u00e2ce \u00e0 la diversification des produits et services de ses 7 m\u00e9tiers (et 25 filiales), sa fine connaissance de l\u2019\u00e9cosyst\u00e8me de la sant\u00e9, et sa capacit\u00e9 d\u2019intervention multi-territoires et multi-secteurs, La Coop\u00e9rative Welcoop se donne pour ambition d\u2019\u00e9laborer des solutions fond\u00e9es sur ses domaines d\u2019expertises et de cr\u00e9er de nouveaux usages dans le parcours de soin, pour une meilleure prise en charge du patient et l\u2019efficience du syst\u00e8me de sant\u00e9.<\/strong><\/li>\n<\/ul>\n\n\n\n<ul class=\"wp-block-list\">\n<li><strong>Un an apr\u00e8s leur prise de poste, Dominique Pautrat, Pr\u00e9sident du Directoire et Jean-Pierre Dosdat, Pr\u00e9sident du Conseil de Surveillance, ont ainsi d\u00e9fini dans leur feuille de route strat\u00e9gique six grands enjeux de sant\u00e9 publique sur lesquels travailler afin de proposer de nouveaux modes de pr\u00e9vention et de prise en charge.<\/strong><\/li>\n<\/ul>\n\n\n\n<ul class=\"wp-block-list\">\n<li><strong>Ces 6 grands enjeux sont&nbsp;le vieillissement de la population, la coordination du parcours patient, l\u2019acc\u00e8s aux soins pour tous, la souverainet\u00e9 sanitaire et industrielle, la digitalisation des syst\u00e8mes de sant\u00e9 et l\u2019intelligence artificielle en sant\u00e9.<\/strong><\/li>\n<\/ul>\n\n\n\n<p>L\u2019ann\u00e9e 2022 a \u00e9t\u00e9 marqu\u00e9e par l\u2019arriv\u00e9e de deux nouveaux dirigeants au sein de la gouvernance de La Coop\u00e9rative Welcoop\u00a0: Dominique Pautrat en tant que Pr\u00e9sident du Directoire et Jean-Pierre Dosdat en tant que Pr\u00e9sident du Conseil de Surveillance.<\/p>\n\n\n<div class=\"wp-block-image\">\n<figure class=\"alignleft size-large is-resized\"><img loading=\"lazy\" decoding=\"async\" src=\"https:\/\/www.lacooperativewelcoop.com\/wp-content\/uploads\/2023\/07\/BJ_4119_BD-850x1275.jpg\" alt=\"Jean-Pierre Dosdat\" class=\"wp-image-15160\" width=\"213\" height=\"319\" srcset=\"https:\/\/www.lacooperativewelcoop.com\/wp-content\/uploads\/2023\/07\/BJ_4119_BD-850x1275.jpg 850w, https:\/\/www.lacooperativewelcoop.com\/wp-content\/uploads\/2023\/07\/BJ_4119_BD-445x668.jpg 445w, https:\/\/www.lacooperativewelcoop.com\/wp-content\/uploads\/2023\/07\/BJ_4119_BD-768x1152.jpg 768w, https:\/\/www.lacooperativewelcoop.com\/wp-content\/uploads\/2023\/07\/BJ_4119_BD-1024x1536.jpg 1024w, https:\/\/www.lacooperativewelcoop.com\/wp-content\/uploads\/2023\/07\/BJ_4119_BD-330x495.jpg 330w, https:\/\/www.lacooperativewelcoop.com\/wp-content\/uploads\/2023\/07\/BJ_4119_BD-206x309.jpg 206w, https:\/\/www.lacooperativewelcoop.com\/wp-content\/uploads\/2023\/07\/BJ_4119_BD-1110x1665.jpg 1110w, https:\/\/www.lacooperativewelcoop.com\/wp-content\/uploads\/2023\/07\/BJ_4119_BD.jpg 1181w\" sizes=\"auto, (max-width: 213px) 100vw, 213px\" \/><\/figure>\n<\/div>\n\n\n<p><em>\u00ab&nbsp;De par son Conseil de Surveillance compos\u00e9 de pharmaciens d\u2019officine, notre mod\u00e8le coop\u00e9ratif inscrit par essence la durabilit\u00e9 de son activit\u00e9 comme condition de sa performance, puisque nous avons destin li\u00e9 avec des actionnaires qui sont aussi nos clients.&nbsp;C\u2019est ce mod\u00e8le pleinement ouvert \u00e0 ses parties prenantes et cette connexion forte avec le terrain, qui fondent notre l\u00e9gitimit\u00e9 \u00e0 devenir un contributeur essentiel de l\u2019efficience du syst\u00e8me de sant\u00e9. Nos filiales, \u00e0 travers la diversit\u00e9 de leurs expertises, s\u2019emploient \u00e0 accompagner la transformation des m\u00e9tiers de sant\u00e9 vers un \u00e9cosyst\u00e8me pluridisciplinaire et mieux coordonn\u00e9, au b\u00e9n\u00e9fice du patient.&nbsp;Les enjeux de sant\u00e9 publique aujourd\u2019hui requi\u00e8rent \u00e0 la fois une vision globale et des solutions orient\u00e9es sur les usages, La Coop\u00e9rative Welcoop, par son essence et ses expertises, est un acteur puissant et cr\u00e9dible \u00e0 cet \u00e9gard. \u00bb <strong>commente Jean-Pierre Dosdat, Pr\u00e9sident du Conseil de Surveillance.<\/strong><\/em><\/p>\n\n\n\n<p><\/p>\n\n\n\n<p><\/p>\n\n\n\n<p><\/p>\n\n\n\n<p><\/p>\n\n\n\n<p><\/p>\n\n\n\n<p><\/p>\n\n\n\n<p><\/p>\n\n\n<div class=\"wp-block-image\">\n<figure class=\"alignleft size-large is-resized\"><img loading=\"lazy\" decoding=\"async\" src=\"https:\/\/www.lacooperativewelcoop.com\/wp-content\/uploads\/2023\/07\/BJ_4268_BD-850x1275.jpg\" alt=\"\" class=\"wp-image-15166\" width=\"213\" height=\"319\" srcset=\"https:\/\/www.lacooperativewelcoop.com\/wp-content\/uploads\/2023\/07\/BJ_4268_BD-850x1275.jpg 850w, https:\/\/www.lacooperativewelcoop.com\/wp-content\/uploads\/2023\/07\/BJ_4268_BD-445x668.jpg 445w, https:\/\/www.lacooperativewelcoop.com\/wp-content\/uploads\/2023\/07\/BJ_4268_BD-768x1152.jpg 768w, https:\/\/www.lacooperativewelcoop.com\/wp-content\/uploads\/2023\/07\/BJ_4268_BD-1024x1536.jpg 1024w, https:\/\/www.lacooperativewelcoop.com\/wp-content\/uploads\/2023\/07\/BJ_4268_BD-330x495.jpg 330w, https:\/\/www.lacooperativewelcoop.com\/wp-content\/uploads\/2023\/07\/BJ_4268_BD-206x309.jpg 206w, https:\/\/www.lacooperativewelcoop.com\/wp-content\/uploads\/2023\/07\/BJ_4268_BD-1110x1665.jpg 1110w, https:\/\/www.lacooperativewelcoop.com\/wp-content\/uploads\/2023\/07\/BJ_4268_BD.jpg 1181w\" sizes=\"auto, (max-width: 213px) 100vw, 213px\" \/><\/figure>\n<\/div>\n\n\n<p><em>\u00ab&nbsp;Bien que la gen\u00e8se du groupe soit li\u00e9e aux pharmaciens, La Coop\u00e9rative Welcoop s\u2019adresse aujourd\u2019hui \u00e0 l\u2019ensemble des professionnels de sant\u00e9 exer\u00e7ant dans les lieux o\u00f9 se trouve le patient (pharmacie, h\u00f4pital, EHPAD, domicile, etc.). Elle regroupe aujourd\u2019hui 7 m\u00e9tiers destin\u00e9s \u00e0 fournir des solutions innovantes, des dispositifs m\u00e9dicaux \u00e0 la pointe de la technologie et des services de soutien pour am\u00e9liorer la qualit\u00e9 et la s\u00e9curit\u00e9 des soins. Cela permet de favoriser une approche holistique et int\u00e9gr\u00e9e, dans le cadre d\u2019une strat\u00e9gie pluridisciplinaire \u2018Patient Centr\u00e9\u2019. Aujourd\u2019hui, chacune de nos d\u00e9cisions est prise sous le double prisme du b\u00e9n\u00e9fice patient et de l\u2019efficience pour le syst\u00e8me de sant\u00e9. Combiner l\u2019excellence en mati\u00e8re de technologie et services \u00e0 ce positionnement citoyen est une force et nous engage. \u00bb <\/em><strong>ajoute Dominique Pautrat, Pr\u00e9sident du Directoire.<\/strong><\/p>\n\n\n\n<p><\/p>\n\n\n\n<p><\/p>\n\n\n\n<p><\/p>\n\n\n\n<p><\/p>\n\n\n\n<p><\/p>\n\n\n\n<p><\/p>\n\n\n\n<p><\/p>\n\n\n\n<h2 class=\"wp-block-heading has-medium-font-size\"><strong>\u00catre un contributeur citoyen de la sant\u00e9 et du bien-\u00eatre <\/strong><\/h2>\n\n\n\n<p>Gr\u00e2ce aux synergies possibles entre ses diff\u00e9rents m\u00e9tiers et ses 25 filiales toutes expertes dans leur domaine, La Coop\u00e9rative Welcoop est en mesure de jouer un r\u00f4le cl\u00e9 dans la r\u00e9ponse aux grands enjeux de sant\u00e9 publique. &nbsp;<\/p>\n\n\n\n<p>Six d\u00e9fis sanitaires et soci\u00e9taux, issus des probl\u00e9matiques du syst\u00e8me de sant\u00e9 fran\u00e7ais et li\u00e9s aux expertises de La Coop\u00e9rative Welcoop, ont ainsi \u00e9t\u00e9 d\u00e9finis dans le nouveau plan strat\u00e9gique&nbsp;:<\/p>\n\n\n\n<ul class=\"wp-block-list\">\n<li>le vieillissement de la population&nbsp;;<\/li>\n\n\n\n<li>la coordination du parcours patient&nbsp;; &nbsp;<\/li>\n\n\n\n<li>l\u2019acc\u00e8s aux soins pour tous&nbsp;;<\/li>\n\n\n\n<li>la souverainet\u00e9 sanitaire et industrielle&nbsp;;<\/li>\n\n\n\n<li>la digitalisation des syst\u00e8mes de sant\u00e9&nbsp;;<\/li>\n\n\n\n<li>l\u2019intelligence artificielle en sant\u00e9 et les donn\u00e9es en vie r\u00e9elle.<\/li>\n<\/ul>\n\n\n\n<p>La strat\u00e9gie de La Coop\u00e9rative Welcoop consiste \u00e0 d\u00e9velopper&nbsp;<strong>des contributions pluridisciplinaires qui soient capables de cr\u00e9er de nouveaux usages ou des fonctionnalit\u00e9s compl\u00e9mentaires pour le bien du patient et l\u2019efficience du syst\u00e8me de sant\u00e9.<\/strong> Ces initiatives illustrent l\u2019ADN et l\u2019ambition de La Coop\u00e9rative Welcoop. Au-del\u00e0 de son statut de Coop\u00e9rative, le Groupe a vocation \u00e0 devenir un acteur soci\u00e9tal et un contributeur actif du syst\u00e8me de soins aupr\u00e8s de tous ses acteurs.<\/p>\n\n\n\n<h2 class=\"wp-block-heading has-medium-font-size\"><strong>L\u2019accompagnateur des pharmaciens, nouveaux coordinateurs de sant\u00e9<\/strong><\/h2>\n\n\n\n<p>\u00c0 l\u2019heure o\u00f9 8 millions de Fran\u00e7ais vivent dans un d\u00e9sert m\u00e9dical, le pharmacien, par sa proximit\u00e9, reste souvent le meilleur coordinateur du parcours de soins. \u00c0 ce titre, il a un r\u00f4le cl\u00e9 \u00e0 jouer dans le d\u00e9ploiement des contributions citoyennes imagin\u00e9es par la Coop\u00e9rative Welcoop.<\/p>\n\n\n\n<p>C\u2019est pourquoi un second axe strat\u00e9gique a \u00e9t\u00e9 d\u00e9fini par la gouvernance de La Coop\u00e9rative Welcoop&nbsp;: <strong>celui de la r\u00e9gionalisation et de la proximit\u00e9<\/strong>. L\u2019objectif est de faire conna\u00eetre et rayonner la Coop\u00e9rative au plus pr\u00e8s du terrain \u00e0 travers des comit\u00e9s de pilotage r\u00e9gionaux r\u00e9unissant \u00e9quipes des filiales et ambassadeurs de La Coop\u00e9rative Welcoop, des pharmaciens dans un premier temps, puis d\u2019autres professionnels de sant\u00e9 dans un second temps. L\u2019ambition, \u00e0 travers la r\u00e9gionalisation, est d\u2019intensifier les contacts terrain pour d\u00e9tecter les besoins et probl\u00e9matiques \u00e0 r\u00e9soudre, et de cr\u00e9er de nouveaux usages en soin et en sant\u00e9.<\/p>\n\n\n\n<p>Dans un contexte de sant\u00e9 post covid o\u00f9 le temps m\u00e9dical et le temps pharmaceutique sont devenus une denr\u00e9e rare, <strong>La Coop\u00e9rative Welcoop, \u00e0 travers ses deux axes strat\u00e9giques, contributions citoyennes et r\u00e9gionalisation, entend mobiliser toutes ses expertises afin de lib\u00e9rer du temps aux professionnels de sant\u00e9<\/strong>, en premier lieu les pharmaciens, pour leur permettre de se concentrer pleinement sur leur r\u00f4le de conseiller et d\u2019acteur de soin de proximit\u00e9 aupr\u00e8s des patients.<\/p>\n\n\n\n<p>Contacts media :<\/p>\n\n\n\n<p><strong>Enderby&nbsp;<\/strong><br>Perrine Sagnes &#8211; Tel. 06 68 27 93 59 &#8211; <a href=\"mailto:psa@enderby.fr\">psa@enderby.fr<\/a><br>Etienne Brunot \u2013 Tel. &nbsp;06 60 04 07 60 \u2013 <a href=\"mailto:ebr@enderby.fr\">ebr@enderby.fr<\/a><br>Marie Grillet \u2013 Tel. 06 45 42 91 00 &#8211; <a href=\"mailto:mgr@enderby.fr\">mgr@enderby.fr<\/a><\/p>\n\n\n\n<p><\/p>\n","protected":false},"excerpt":{"rendered":"<p>L\u2019ann\u00e9e 2022 a \u00e9t\u00e9 marqu\u00e9e par l\u2019arriv\u00e9e de deux nouveaux dirigeants au sein de la gouvernance de La Coop\u00e9rative Welcoop\u00a0: Dominique Pautrat en tant que&#8230;<\/p>\n","protected":false},"author":12,"featured_media":15178,"comment_status":"closed","ping_status":"closed","sticky":false,"template":"","format":"standard","meta":{"_acf_changed":false,"footnotes":""},"categories":[82],"tags":[],"class_list":["post-15157","post","type-post","status-publish","format-standard","has-post-thumbnail","hentry","category-communique-de-presse"],"acf":[],"yoast_head":"<!-- This site is optimized with the Yoast SEO plugin v27.3 - https:\/\/yoast.com\/product\/yoast-seo-wordpress\/ -->\n<title>Communiqu\u00e9 de presse du 04 juillet 2023<\/title>\n<meta name=\"description\" content=\"La Coop\u00e9rative Welcoop d\u00e9voile dans ce communiqu\u00e9 sa strat\u00e9gie au b\u00e9n\u00e9fice du patient : \u00eatre un contributeur majeur de l\u2019efficience du syst\u00e8me de sant\u00e9 \u00e0 horizon 2023-2026.\" \/>\n<meta name=\"robots\" content=\"index, follow, max-snippet:-1, max-image-preview:large, max-video-preview:-1\" \/>\n<link rel=\"canonical\" href=\"https:\/\/www.lacooperativewelcoop.com\/blog\/communique-de-presse-04-juillet-2023\/\" \/>\n<meta property=\"og:locale\" content=\"en_US\" \/>\n<meta property=\"og:type\" content=\"article\" \/>\n<meta property=\"og:title\" content=\"Communiqu\u00e9 de presse du 04 juillet 2023\" \/>\n<meta property=\"og:description\" content=\"La Coop\u00e9rative Welcoop d\u00e9voile dans ce communiqu\u00e9 sa strat\u00e9gie au b\u00e9n\u00e9fice du patient : \u00eatre un contributeur majeur de l\u2019efficience du syst\u00e8me de sant\u00e9 \u00e0 horizon 2023-2026.\" \/>\n<meta property=\"og:url\" content=\"https:\/\/www.lacooperativewelcoop.com\/blog\/communique-de-presse-04-juillet-2023\/\" \/>\n<meta property=\"og:site_name\" content=\"La Coop\u00e9rative Welcoop\" \/>\n<meta property=\"article:publisher\" content=\"https:\/\/www.facebook.com\/lacooperativewelcoop\" \/>\n<meta property=\"article:published_time\" content=\"2023-07-20T07:52:05+00:00\" \/>\n<meta property=\"article:modified_time\" content=\"2023-07-20T07:52:07+00:00\" \/>\n<meta property=\"og:image\" content=\"https:\/\/www.lacooperativewelcoop.com\/wp-content\/uploads\/2023\/07\/Communique-de-presse-04.07.23-850x478.png\" \/>\n\t<meta property=\"og:image:width\" content=\"850\" \/>\n\t<meta property=\"og:image:height\" content=\"478\" \/>\n\t<meta property=\"og:image:type\" content=\"image\/png\" \/>\n<meta name=\"author\" content=\"Florence LECRIVAIN\" \/>\n<meta name=\"twitter:card\" content=\"summary_large_image\" \/>\n<meta name=\"twitter:creator\" content=\"@LaCoopWelcoop\" \/>\n<meta name=\"twitter:site\" content=\"@LaCoopWelcoop\" \/>\n<meta name=\"twitter:label1\" content=\"Written by\" \/>\n\t<meta name=\"twitter:data1\" content=\"Florence LECRIVAIN\" \/>\n\t<meta name=\"twitter:label2\" content=\"Est. reading time\" \/>\n\t<meta name=\"twitter:data2\" content=\"5 minutes\" \/>\n<script type=\"application\/ld+json\" class=\"yoast-schema-graph\">{\"@context\":\"https:\\\/\\\/schema.org\",\"@graph\":[{\"@type\":\"Article\",\"@id\":\"https:\\\/\\\/www.lacooperativewelcoop.com\\\/blog\\\/communique-de-presse-04-juillet-2023\\\/#article\",\"isPartOf\":{\"@id\":\"https:\\\/\\\/www.lacooperativewelcoop.com\\\/blog\\\/communique-de-presse-04-juillet-2023\\\/\"},\"author\":{\"name\":\"Florence LECRIVAIN\",\"@id\":\"https:\\\/\\\/www.lacooperativewelcoop.com\\\/#\\\/schema\\\/person\\\/5e6238fcde6c4ea20547ecfcf77c5dda\"},\"headline\":\"Communiqu\u00e9 de presse du 04 juillet 2023\",\"datePublished\":\"2023-07-20T07:52:05+00:00\",\"dateModified\":\"2023-07-20T07:52:07+00:00\",\"mainEntityOfPage\":{\"@id\":\"https:\\\/\\\/www.lacooperativewelcoop.com\\\/blog\\\/communique-de-presse-04-juillet-2023\\\/\"},\"wordCount\":1097,\"publisher\":{\"@id\":\"https:\\\/\\\/www.lacooperativewelcoop.com\\\/#organization\"},\"image\":{\"@id\":\"https:\\\/\\\/www.lacooperativewelcoop.com\\\/blog\\\/communique-de-presse-04-juillet-2023\\\/#primaryimage\"},\"thumbnailUrl\":\"https:\\\/\\\/www.lacooperativewelcoop.com\\\/wp-content\\\/uploads\\\/2023\\\/07\\\/Communique-de-presse-04.07.23.png\",\"articleSection\":[\"Communiqu\u00e9 de presse\"],\"inLanguage\":\"en-US\"},{\"@type\":\"WebPage\",\"@id\":\"https:\\\/\\\/www.lacooperativewelcoop.com\\\/blog\\\/communique-de-presse-04-juillet-2023\\\/\",\"url\":\"https:\\\/\\\/www.lacooperativewelcoop.com\\\/blog\\\/communique-de-presse-04-juillet-2023\\\/\",\"name\":\"Communiqu\u00e9 de presse du 04 juillet 2023\",\"isPartOf\":{\"@id\":\"https:\\\/\\\/www.lacooperativewelcoop.com\\\/#website\"},\"primaryImageOfPage\":{\"@id\":\"https:\\\/\\\/www.lacooperativewelcoop.com\\\/blog\\\/communique-de-presse-04-juillet-2023\\\/#primaryimage\"},\"image\":{\"@id\":\"https:\\\/\\\/www.lacooperativewelcoop.com\\\/blog\\\/communique-de-presse-04-juillet-2023\\\/#primaryimage\"},\"thumbnailUrl\":\"https:\\\/\\\/www.lacooperativewelcoop.com\\\/wp-content\\\/uploads\\\/2023\\\/07\\\/Communique-de-presse-04.07.23.png\",\"datePublished\":\"2023-07-20T07:52:05+00:00\",\"dateModified\":\"2023-07-20T07:52:07+00:00\",\"description\":\"La Coop\u00e9rative Welcoop d\u00e9voile dans ce communiqu\u00e9 sa strat\u00e9gie au b\u00e9n\u00e9fice du patient : \u00eatre un contributeur majeur de l\u2019efficience du syst\u00e8me de sant\u00e9 \u00e0 horizon 2023-2026.\",\"breadcrumb\":{\"@id\":\"https:\\\/\\\/www.lacooperativewelcoop.com\\\/blog\\\/communique-de-presse-04-juillet-2023\\\/#breadcrumb\"},\"inLanguage\":\"en-US\",\"potentialAction\":[{\"@type\":\"ReadAction\",\"target\":[\"https:\\\/\\\/www.lacooperativewelcoop.com\\\/blog\\\/communique-de-presse-04-juillet-2023\\\/\"]}]},{\"@type\":\"ImageObject\",\"inLanguage\":\"en-US\",\"@id\":\"https:\\\/\\\/www.lacooperativewelcoop.com\\\/blog\\\/communique-de-presse-04-juillet-2023\\\/#primaryimage\",\"url\":\"https:\\\/\\\/www.lacooperativewelcoop.com\\\/wp-content\\\/uploads\\\/2023\\\/07\\\/Communique-de-presse-04.07.23.png\",\"contentUrl\":\"https:\\\/\\\/www.lacooperativewelcoop.com\\\/wp-content\\\/uploads\\\/2023\\\/07\\\/Communique-de-presse-04.07.23.png\",\"width\":2560,\"height\":1440,\"caption\":\"Communiqu\u00e9 de presse 04.07.23\"},{\"@type\":\"BreadcrumbList\",\"@id\":\"https:\\\/\\\/www.lacooperativewelcoop.com\\\/blog\\\/communique-de-presse-04-juillet-2023\\\/#breadcrumb\",\"itemListElement\":[{\"@type\":\"ListItem\",\"position\":1,\"name\":\"Accueil\",\"item\":\"https:\\\/\\\/www.lacooperativewelcoop.com\\\/en\\\/\"},{\"@type\":\"ListItem\",\"position\":2,\"name\":\"Communiqu\u00e9 de presse du 04 juillet 2023\"}]},{\"@type\":\"WebSite\",\"@id\":\"https:\\\/\\\/www.lacooperativewelcoop.com\\\/#website\",\"url\":\"https:\\\/\\\/www.lacooperativewelcoop.com\\\/\",\"name\":\"La Coop\u00e9rative Welcoop\",\"description\":\"Citoyens de la sant\u00e9 et du bien-\u00eatre\",\"publisher\":{\"@id\":\"https:\\\/\\\/www.lacooperativewelcoop.com\\\/#organization\"},\"potentialAction\":[{\"@type\":\"SearchAction\",\"target\":{\"@type\":\"EntryPoint\",\"urlTemplate\":\"https:\\\/\\\/www.lacooperativewelcoop.com\\\/?s={search_term_string}\"},\"query-input\":{\"@type\":\"PropertyValueSpecification\",\"valueRequired\":true,\"valueName\":\"search_term_string\"}}],\"inLanguage\":\"en-US\"},{\"@type\":\"Organization\",\"@id\":\"https:\\\/\\\/www.lacooperativewelcoop.com\\\/#organization\",\"name\":\"La Coop\u00e9rative Welcoop\",\"url\":\"https:\\\/\\\/www.lacooperativewelcoop.com\\\/\",\"logo\":{\"@type\":\"ImageObject\",\"inLanguage\":\"en-US\",\"@id\":\"https:\\\/\\\/www.lacooperativewelcoop.com\\\/#\\\/schema\\\/logo\\\/image\\\/\",\"url\":\"https:\\\/\\\/www.lacooperativewelcoop.com\\\/wp-content\\\/uploads\\\/2019\\\/08\\\/logo@2x.png\",\"contentUrl\":\"https:\\\/\\\/www.lacooperativewelcoop.com\\\/wp-content\\\/uploads\\\/2019\\\/08\\\/logo@2x.png\",\"width\":400,\"height\":218,\"caption\":\"La Coop\u00e9rative Welcoop\"},\"image\":{\"@id\":\"https:\\\/\\\/www.lacooperativewelcoop.com\\\/#\\\/schema\\\/logo\\\/image\\\/\"},\"sameAs\":[\"https:\\\/\\\/www.facebook.com\\\/lacooperativewelcoop\",\"https:\\\/\\\/x.com\\\/LaCoopWelcoop\",\"https:\\\/\\\/www.instagram.com\\\/lacooperativewelcoop\\\/\",\"https:\\\/\\\/www.linkedin.com\\\/company\\\/la-cooperative-welcoop\\\/\",\"https:\\\/\\\/www.youtube.com\\\/playlist?list=PLgsP06JS6FdCOQzquwK_JyDt9fl52quMf\"]},{\"@type\":\"Person\",\"@id\":\"https:\\\/\\\/www.lacooperativewelcoop.com\\\/#\\\/schema\\\/person\\\/5e6238fcde6c4ea20547ecfcf77c5dda\",\"name\":\"Florence LECRIVAIN\",\"image\":{\"@type\":\"ImageObject\",\"inLanguage\":\"en-US\",\"@id\":\"https:\\\/\\\/secure.gravatar.com\\\/avatar\\\/323619a38d69c8e2435fa136fda8324c33eaa92d6cfa16eb2d547974c67b2945?s=96&d=mm&r=g\",\"url\":\"https:\\\/\\\/secure.gravatar.com\\\/avatar\\\/323619a38d69c8e2435fa136fda8324c33eaa92d6cfa16eb2d547974c67b2945?s=96&d=mm&r=g\",\"contentUrl\":\"https:\\\/\\\/secure.gravatar.com\\\/avatar\\\/323619a38d69c8e2435fa136fda8324c33eaa92d6cfa16eb2d547974c67b2945?s=96&d=mm&r=g\",\"caption\":\"Florence LECRIVAIN\"}}]}<\/script>\n<!-- \/ Yoast SEO plugin. -->","yoast_head_json":{"title":"Communiqu\u00e9 de presse du 04 juillet 2023","description":"La Coop\u00e9rative Welcoop d\u00e9voile dans ce communiqu\u00e9 sa strat\u00e9gie au b\u00e9n\u00e9fice du patient : \u00eatre un contributeur majeur de l\u2019efficience du syst\u00e8me de sant\u00e9 \u00e0 horizon 2023-2026.","robots":{"index":"index","follow":"follow","max-snippet":"max-snippet:-1","max-image-preview":"max-image-preview:large","max-video-preview":"max-video-preview:-1"},"canonical":"https:\/\/www.lacooperativewelcoop.com\/blog\/communique-de-presse-04-juillet-2023\/","og_locale":"en_US","og_type":"article","og_title":"Communiqu\u00e9 de presse du 04 juillet 2023","og_description":"La Coop\u00e9rative Welcoop d\u00e9voile dans ce communiqu\u00e9 sa strat\u00e9gie au b\u00e9n\u00e9fice du patient : \u00eatre un contributeur majeur de l\u2019efficience du syst\u00e8me de sant\u00e9 \u00e0 horizon 2023-2026.","og_url":"https:\/\/www.lacooperativewelcoop.com\/blog\/communique-de-presse-04-juillet-2023\/","og_site_name":"La Coop\u00e9rative Welcoop","article_publisher":"https:\/\/www.facebook.com\/lacooperativewelcoop","article_published_time":"2023-07-20T07:52:05+00:00","article_modified_time":"2023-07-20T07:52:07+00:00","og_image":[{"width":850,"height":478,"url":"https:\/\/www.lacooperativewelcoop.com\/wp-content\/uploads\/2023\/07\/Communique-de-presse-04.07.23-850x478.png","type":"image\/png"}],"author":"Florence LECRIVAIN","twitter_card":"summary_large_image","twitter_creator":"@LaCoopWelcoop","twitter_site":"@LaCoopWelcoop","twitter_misc":{"Written by":"Florence LECRIVAIN","Est. reading time":"5 minutes"},"schema":{"@context":"https:\/\/schema.org","@graph":[{"@type":"Article","@id":"https:\/\/www.lacooperativewelcoop.com\/blog\/communique-de-presse-04-juillet-2023\/#article","isPartOf":{"@id":"https:\/\/www.lacooperativewelcoop.com\/blog\/communique-de-presse-04-juillet-2023\/"},"author":{"name":"Florence LECRIVAIN","@id":"https:\/\/www.lacooperativewelcoop.com\/#\/schema\/person\/5e6238fcde6c4ea20547ecfcf77c5dda"},"headline":"Communiqu\u00e9 de presse du 04 juillet 2023","datePublished":"2023-07-20T07:52:05+00:00","dateModified":"2023-07-20T07:52:07+00:00","mainEntityOfPage":{"@id":"https:\/\/www.lacooperativewelcoop.com\/blog\/communique-de-presse-04-juillet-2023\/"},"wordCount":1097,"publisher":{"@id":"https:\/\/www.lacooperativewelcoop.com\/#organization"},"image":{"@id":"https:\/\/www.lacooperativewelcoop.com\/blog\/communique-de-presse-04-juillet-2023\/#primaryimage"},"thumbnailUrl":"https:\/\/www.lacooperativewelcoop.com\/wp-content\/uploads\/2023\/07\/Communique-de-presse-04.07.23.png","articleSection":["Communiqu\u00e9 de presse"],"inLanguage":"en-US"},{"@type":"WebPage","@id":"https:\/\/www.lacooperativewelcoop.com\/blog\/communique-de-presse-04-juillet-2023\/","url":"https:\/\/www.lacooperativewelcoop.com\/blog\/communique-de-presse-04-juillet-2023\/","name":"Communiqu\u00e9 de presse du 04 juillet 2023","isPartOf":{"@id":"https:\/\/www.lacooperativewelcoop.com\/#website"},"primaryImageOfPage":{"@id":"https:\/\/www.lacooperativewelcoop.com\/blog\/communique-de-presse-04-juillet-2023\/#primaryimage"},"image":{"@id":"https:\/\/www.lacooperativewelcoop.com\/blog\/communique-de-presse-04-juillet-2023\/#primaryimage"},"thumbnailUrl":"https:\/\/www.lacooperativewelcoop.com\/wp-content\/uploads\/2023\/07\/Communique-de-presse-04.07.23.png","datePublished":"2023-07-20T07:52:05+00:00","dateModified":"2023-07-20T07:52:07+00:00","description":"La Coop\u00e9rative Welcoop d\u00e9voile dans ce communiqu\u00e9 sa strat\u00e9gie au b\u00e9n\u00e9fice du patient : \u00eatre un contributeur majeur de l\u2019efficience du syst\u00e8me de sant\u00e9 \u00e0 horizon 2023-2026.","breadcrumb":{"@id":"https:\/\/www.lacooperativewelcoop.com\/blog\/communique-de-presse-04-juillet-2023\/#breadcrumb"},"inLanguage":"en-US","potentialAction":[{"@type":"ReadAction","target":["https:\/\/www.lacooperativewelcoop.com\/blog\/communique-de-presse-04-juillet-2023\/"]}]},{"@type":"ImageObject","inLanguage":"en-US","@id":"https:\/\/www.lacooperativewelcoop.com\/blog\/communique-de-presse-04-juillet-2023\/#primaryimage","url":"https:\/\/www.lacooperativewelcoop.com\/wp-content\/uploads\/2023\/07\/Communique-de-presse-04.07.23.png","contentUrl":"https:\/\/www.lacooperativewelcoop.com\/wp-content\/uploads\/2023\/07\/Communique-de-presse-04.07.23.png","width":2560,"height":1440,"caption":"Communiqu\u00e9 de presse 04.07.23"},{"@type":"BreadcrumbList","@id":"https:\/\/www.lacooperativewelcoop.com\/blog\/communique-de-presse-04-juillet-2023\/#breadcrumb","itemListElement":[{"@type":"ListItem","position":1,"name":"Accueil","item":"https:\/\/www.lacooperativewelcoop.com\/en\/"},{"@type":"ListItem","position":2,"name":"Communiqu\u00e9 de presse du 04 juillet 2023"}]},{"@type":"WebSite","@id":"https:\/\/www.lacooperativewelcoop.com\/#website","url":"https:\/\/www.lacooperativewelcoop.com\/","name":"La Coop\u00e9rative Welcoop","description":"Citoyens de la sant\u00e9 et du bien-\u00eatre","publisher":{"@id":"https:\/\/www.lacooperativewelcoop.com\/#organization"},"potentialAction":[{"@type":"SearchAction","target":{"@type":"EntryPoint","urlTemplate":"https:\/\/www.lacooperativewelcoop.com\/?s={search_term_string}"},"query-input":{"@type":"PropertyValueSpecification","valueRequired":true,"valueName":"search_term_string"}}],"inLanguage":"en-US"},{"@type":"Organization","@id":"https:\/\/www.lacooperativewelcoop.com\/#organization","name":"La Coop\u00e9rative Welcoop","url":"https:\/\/www.lacooperativewelcoop.com\/","logo":{"@type":"ImageObject","inLanguage":"en-US","@id":"https:\/\/www.lacooperativewelcoop.com\/#\/schema\/logo\/image\/","url":"https:\/\/www.lacooperativewelcoop.com\/wp-content\/uploads\/2019\/08\/logo@2x.png","contentUrl":"https:\/\/www.lacooperativewelcoop.com\/wp-content\/uploads\/2019\/08\/logo@2x.png","width":400,"height":218,"caption":"La Coop\u00e9rative Welcoop"},"image":{"@id":"https:\/\/www.lacooperativewelcoop.com\/#\/schema\/logo\/image\/"},"sameAs":["https:\/\/www.facebook.com\/lacooperativewelcoop","https:\/\/x.com\/LaCoopWelcoop","https:\/\/www.instagram.com\/lacooperativewelcoop\/","https:\/\/www.linkedin.com\/company\/la-cooperative-welcoop\/","https:\/\/www.youtube.com\/playlist?list=PLgsP06JS6FdCOQzquwK_JyDt9fl52quMf"]},{"@type":"Person","@id":"https:\/\/www.lacooperativewelcoop.com\/#\/schema\/person\/5e6238fcde6c4ea20547ecfcf77c5dda","name":"Florence LECRIVAIN","image":{"@type":"ImageObject","inLanguage":"en-US","@id":"https:\/\/secure.gravatar.com\/avatar\/323619a38d69c8e2435fa136fda8324c33eaa92d6cfa16eb2d547974c67b2945?s=96&d=mm&r=g","url":"https:\/\/secure.gravatar.com\/avatar\/323619a38d69c8e2435fa136fda8324c33eaa92d6cfa16eb2d547974c67b2945?s=96&d=mm&r=g","contentUrl":"https:\/\/secure.gravatar.com\/avatar\/323619a38d69c8e2435fa136fda8324c33eaa92d6cfa16eb2d547974c67b2945?s=96&d=mm&r=g","caption":"Florence LECRIVAIN"}}]}},"_links":{"self":[{"href":"https:\/\/www.lacooperativewelcoop.com\/en\/wp-json\/wp\/v2\/posts\/15157","targetHints":{"allow":["GET"]}}],"collection":[{"href":"https:\/\/www.lacooperativewelcoop.com\/en\/wp-json\/wp\/v2\/posts"}],"about":[{"href":"https:\/\/www.lacooperativewelcoop.com\/en\/wp-json\/wp\/v2\/types\/post"}],"author":[{"embeddable":true,"href":"https:\/\/www.lacooperativewelcoop.com\/en\/wp-json\/wp\/v2\/users\/12"}],"replies":[{"embeddable":true,"href":"https:\/\/www.lacooperativewelcoop.com\/en\/wp-json\/wp\/v2\/comments?post=15157"}],"version-history":[{"count":25,"href":"https:\/\/www.lacooperativewelcoop.com\/en\/wp-json\/wp\/v2\/posts\/15157\/revisions"}],"predecessor-version":[{"id":15189,"href":"https:\/\/www.lacooperativewelcoop.com\/en\/wp-json\/wp\/v2\/posts\/15157\/revisions\/15189"}],"wp:featuredmedia":[{"embeddable":true,"href":"https:\/\/www.lacooperativewelcoop.com\/en\/wp-json\/wp\/v2\/media\/15178"}],"wp:attachment":[{"href":"https:\/\/www.lacooperativewelcoop.com\/en\/wp-json\/wp\/v2\/media?parent=15157"}],"wp:term":[{"taxonomy":"category","embeddable":true,"href":"https:\/\/www.lacooperativewelcoop.com\/en\/wp-json\/wp\/v2\/categories?post=15157"},{"taxonomy":"post_tag","embeddable":true,"href":"https:\/\/www.lacooperativewelcoop.com\/en\/wp-json\/wp\/v2\/tags?post=15157"}],"curies":[{"name":"wp","href":"https:\/\/api.w.org\/{rel}","templated":true}]}}