{"id":17777,"date":"2024-05-22T08:57:08","date_gmt":"2024-05-22T06:57:08","guid":{"rendered":"https:\/\/www.lacooperativewelcoop.com\/?p=17777"},"modified":"2024-05-22T08:57:10","modified_gmt":"2024-05-22T06:57:10","slug":"concours-enfants-juste-humain-2024","status":"publish","type":"post","link":"https:\/\/www.lacooperativewelcoop.com\/en\/blog\/concours-enfants-juste-humain-2024\/","title":{"rendered":"Aux c\u00f4t\u00e9s de Juste Humain pour soutenir les enfants hospitalis\u00e9s"},"content":{"rendered":"<p class=\"lead text-primary\">Depuis plusieurs ann\u00e9es, La Coop\u00e9rative Welcoop s&#8217;investit activement dans des actions solidaires en faveur des enfants hospitalis\u00e9s aupr\u00e8s de l&#8217;association Juste Humain. Cette ann\u00e9e encore, elle soutient la 4e \u00e9dition du concours de dessins organis\u00e9 par l&#8217;association. Une initiative chaleureuse visant \u00e0 \u00e9gayer le quotidien des petits patients \u00e0 travers l&#8217;art.<\/p>\n\n\n<h2 class=\"wp-block-heading has-medium-font-size\"><strong>Qui est Juste Humain ?<\/strong><\/h2>\n\n\n\n<p>Fond\u00e9e en 2011 par Nathalie Nicoloff, Juste Humain \u0153uvre au quotidien pour <strong>apporter r\u00e9confort et joie aux enfants hospitalis\u00e9s<\/strong>. Par le biais d&#8217;activit\u00e9s ludiques et cr\u00e9atives, l&#8217;association vise \u00e0 cr\u00e9er un environnement favorable \u00e0 leur \u00e9panouissement, malgr\u00e9 les circonstances difficiles li\u00e9es \u00e0 leur hospitalisation.<\/p>\n\n\n\n<h2 class=\"wp-block-heading has-medium-font-size\"><strong>Le concours de dessins : une opportunit\u00e9 d&#8217;expression cr\u00e9ative pour les enfants<\/strong><\/h2>\n\n\n\n<p>Le concours de dessins offre une occasion unique d&#8217;<strong>exprimer leur cr\u00e9ativit\u00e9 et leur imagination \u00e0 travers l&#8217;art du dessin<\/strong>. Chaque ann\u00e9e, des centaines d&#8217;enfants participent avec enthousiasme \u00e0 cet \u00e9v\u00e9nement, offrant ainsi des moments de divertissement et de distraction pr\u00e9cieux au sein de leur quotidien hospitalier. Cette ann\u00e9e, <strong>207 enfants<\/strong> ont laiss\u00e9 libre cours \u00e0 leur imagination sur le th\u00e8me \u00ab&nbsp;<strong>mon r\u00eave de champion.ne<\/strong>&nbsp;\u00bb. Bonne nouvelle ! Le concours a \u00e9t\u00e9 port\u00e9 par 39 h\u00f4pitaux et s&#8217;est m\u00eame export\u00e9 \u00e0 l&#8217;international avec la participation de plusieurs h\u00f4pitaux belges !<\/p>\n\n\n\n<h2 class=\"wp-block-heading has-medium-font-size\"><strong>Rencontre avec Nathalie Nicoloff : une source d&#8217;inspiration<\/strong><\/h2>\n\n\n\n<figure class=\"wp-block-gallery has-nested-images columns-default is-cropped wp-block-gallery-1 is-layout-flex wp-block-gallery-is-layout-flex\">\n<figure class=\"wp-block-image size-large\"><img loading=\"lazy\" decoding=\"async\" width=\"750\" height=\"1000\" data-id=\"17807\" src=\"https:\/\/www.lacooperativewelcoop.com\/wp-content\/uploads\/2024\/05\/IMG_1262.png\" alt=\"\" class=\"wp-image-17807\" srcset=\"https:\/\/www.lacooperativewelcoop.com\/wp-content\/uploads\/2024\/05\/IMG_1262.png 750w, https:\/\/www.lacooperativewelcoop.com\/wp-content\/uploads\/2024\/05\/IMG_1262-445x593.png 445w, https:\/\/www.lacooperativewelcoop.com\/wp-content\/uploads\/2024\/05\/IMG_1262-330x440.png 330w, https:\/\/www.lacooperativewelcoop.com\/wp-content\/uploads\/2024\/05\/IMG_1262-232x309.png 232w\" sizes=\"auto, (max-width: 750px) 100vw, 750px\" \/><\/figure>\n\n\n\n<figure class=\"wp-block-image size-large\"><img loading=\"lazy\" decoding=\"async\" width=\"750\" height=\"1000\" data-id=\"17809\" src=\"https:\/\/www.lacooperativewelcoop.com\/wp-content\/uploads\/2024\/05\/IMG_1244.png\" alt=\"\" class=\"wp-image-17809\" srcset=\"https:\/\/www.lacooperativewelcoop.com\/wp-content\/uploads\/2024\/05\/IMG_1244.png 750w, https:\/\/www.lacooperativewelcoop.com\/wp-content\/uploads\/2024\/05\/IMG_1244-445x593.png 445w, https:\/\/www.lacooperativewelcoop.com\/wp-content\/uploads\/2024\/05\/IMG_1244-330x440.png 330w, https:\/\/www.lacooperativewelcoop.com\/wp-content\/uploads\/2024\/05\/IMG_1244-232x309.png 232w\" sizes=\"auto, (max-width: 750px) 100vw, 750px\" \/><\/figure>\n\n\n\n<figure class=\"wp-block-image size-large\"><img loading=\"lazy\" decoding=\"async\" width=\"563\" height=\"1000\" data-id=\"17812\" src=\"https:\/\/www.lacooperativewelcoop.com\/wp-content\/uploads\/2024\/05\/20240516_154056.png\" alt=\"\" class=\"wp-image-17812\" srcset=\"https:\/\/www.lacooperativewelcoop.com\/wp-content\/uploads\/2024\/05\/20240516_154056.png 563w, https:\/\/www.lacooperativewelcoop.com\/wp-content\/uploads\/2024\/05\/20240516_154056-445x790.png 445w, https:\/\/www.lacooperativewelcoop.com\/wp-content\/uploads\/2024\/05\/20240516_154056-330x586.png 330w, https:\/\/www.lacooperativewelcoop.com\/wp-content\/uploads\/2024\/05\/20240516_154056-174x309.png 174w\" sizes=\"auto, (max-width: 563px) 100vw, 563px\" \/><\/figure>\n<\/figure>\n\n\n\n<p>Nathalie Nicoloff a eu la gentillesse de venir partager son engagement lors d&#8217;une <strong>rencontre <\/strong>avec nos collaborateurs au si\u00e8ge de Nancy. Elle a partag\u00e9 les projets et les initiatives en cours, et discut\u00e9 des moyens de soutenir cette noble cause. Si ce n&#8217;\u00e9tait pas d\u00e9j\u00e0 fait, les collaborateurs ont aussi \u00e9t\u00e9 invit\u00e9s \u00e0 voter directement pour les dessins des enfants !<\/p>\n\n\n\n<p>Dominique Pautrat, Pr\u00e9sident du Directoire de La Coop\u00e9rative Welcoop, a aussi rappel\u00e9 que notre collaboration fait totalement sens car <strong>am\u00e9liorer la prise en charge des patients<\/strong> fait partie de notre leitmotiv. Le concours de dessins a un <strong>v\u00e9ritable impact <\/strong>sur le parcours de soin des enfants. En effet, l\u2019art permet de <strong>renforcer le lien social<\/strong> et cr\u00e9e une v\u00e9ritable<strong> \u00e9mulation au sein des services hospitaliers<\/strong>. Aussi, les<strong> familles<\/strong> sont impliqu\u00e9es dans le projet, ce qui renforce l\u2019effet b\u00e9n\u00e9fique sur les enfants.<\/p>\n\n\n\n<h2 class=\"wp-block-heading has-medium-font-size\"><strong>Les r\u00e9sultats du concours : la magie des cr\u00e9ations<\/strong><\/h2>\n\n\n\n<p>Les r\u00e9sultats de la 4e \u00e9dition du concours de dessins sont enfin d\u00e9voil\u00e9s ! Les \u0153uvres des participants refl\u00e8tent la spontan\u00e9it\u00e9 et la cr\u00e9ativit\u00e9 d\u00e9bordante des enfants. Merci \u00e0 tous les votants, le record a \u00e9t\u00e9 une nouvelle fois battu avec plus de<strong> 33 746 votes<\/strong> ! D\u00e9couvrez <a href=\"https:\/\/www.juste-humain.fr\/concours-dessins-2024\/\" target=\"_blank\" rel=\"noreferrer noopener\">toutes les \u0153uvres<\/a><strong> <\/strong>et les laur\u00e9ats <a href=\"https:\/\/www.instagram.com\/p\/C7N_oLCKJzK\/?hl=fr\" target=\"_blank\" rel=\"noreferrer noopener\">sur leur post d\u00e9di\u00e9<\/a>.<\/p>\n\n\n\n<p>Cette action peut para\u00eetre simple, mais elle requiert<strong> un engagement de plusieurs acteurs au b\u00e9n\u00e9fice du bien-\u00eatre des enfants<\/strong>. Alors un grand merci aux b\u00e9n\u00e9voles de Juste Humain et aux \u00e9quipes soignantes, sans qui le concours ne serait pas ce qu&#8217;il est aujourd&#8217;hui ! <\/p>\n","protected":false},"excerpt":{"rendered":"<p>Qui est Juste Humain ? Fond\u00e9e en 2011 par Nathalie Nicoloff, Juste Humain \u0153uvre au quotidien pour apporter r\u00e9confort et joie aux enfants hospitalis\u00e9s. Par&#8230;<\/p>\n","protected":false},"author":12,"featured_media":17822,"comment_status":"closed","ping_status":"closed","sticky":false,"template":"","format":"standard","meta":{"_acf_changed":false,"footnotes":""},"categories":[52,48,53,9],"tags":[],"class_list":["post-17777","post","type-post","status-publish","format-standard","has-post-thumbnail","hentry","category-collaborateurs","category-evenement","category-patient","category-sante"],"acf":[],"yoast_head":"<!-- This site is optimized with the Yoast SEO plugin v27.5 - https:\/\/yoast.com\/product\/yoast-seo-wordpress\/ -->\n<title>Aux c\u00f4t\u00e9s de Juste Humain pour soutenir les enfants hospitalis\u00e9s - La Coop\u00e9rative Welcoop<\/title>\n<meta name=\"description\" content=\"La Coop\u00e9rative Welcoop renforce son engagement aupr\u00e8s des enfants hospitalis\u00e9s avec le concours de dessins organis\u00e9 par Juste Humain.\" \/>\n<meta name=\"robots\" content=\"index, follow, max-snippet:-1, max-image-preview:large, max-video-preview:-1\" \/>\n<link rel=\"canonical\" href=\"https:\/\/www.lacooperativewelcoop.com\/blog\/concours-enfants-juste-humain-2024\/\" \/>\n<meta property=\"og:locale\" content=\"en_US\" \/>\n<meta property=\"og:type\" content=\"article\" \/>\n<meta property=\"og:title\" content=\"Aux c\u00f4t\u00e9s de Juste Humain pour soutenir les enfants hospitalis\u00e9s - La Coop\u00e9rative Welcoop\" \/>\n<meta property=\"og:description\" content=\"La Coop\u00e9rative Welcoop renforce son engagement aupr\u00e8s des enfants hospitalis\u00e9s avec le concours de dessins organis\u00e9 par Juste Humain.\" \/>\n<meta property=\"og:url\" content=\"https:\/\/www.lacooperativewelcoop.com\/blog\/concours-enfants-juste-humain-2024\/\" \/>\n<meta property=\"og:site_name\" content=\"La Coop\u00e9rative Welcoop\" \/>\n<meta property=\"article:publisher\" content=\"https:\/\/www.facebook.com\/lacooperativewelcoop\" \/>\n<meta property=\"article:published_time\" content=\"2024-05-22T06:57:08+00:00\" \/>\n<meta property=\"article:modified_time\" content=\"2024-05-22T06:57:10+00:00\" \/>\n<meta property=\"og:image\" content=\"https:\/\/www.lacooperativewelcoop.com\/wp-content\/uploads\/2024\/05\/Vignette-blog-Juste-Humain-2024.png\" \/>\n\t<meta property=\"og:image:width\" content=\"1920\" \/>\n\t<meta property=\"og:image:height\" content=\"1080\" \/>\n\t<meta property=\"og:image:type\" content=\"image\/png\" \/>\n<meta name=\"author\" content=\"Florence LECRIVAIN\" \/>\n<meta name=\"twitter:card\" content=\"summary_large_image\" \/>\n<meta name=\"twitter:creator\" content=\"@LaCoopWelcoop\" \/>\n<meta name=\"twitter:site\" content=\"@LaCoopWelcoop\" \/>\n<meta name=\"twitter:label1\" content=\"Written by\" \/>\n\t<meta name=\"twitter:data1\" content=\"Florence LECRIVAIN\" \/>\n\t<meta name=\"twitter:label2\" content=\"Est. reading time\" \/>\n\t<meta name=\"twitter:data2\" content=\"2 minutes\" \/>\n<script type=\"application\/ld+json\" class=\"yoast-schema-graph\">{\"@context\":\"https:\\\/\\\/schema.org\",\"@graph\":[{\"@type\":\"Article\",\"@id\":\"https:\\\/\\\/www.lacooperativewelcoop.com\\\/blog\\\/concours-enfants-juste-humain-2024\\\/#article\",\"isPartOf\":{\"@id\":\"https:\\\/\\\/www.lacooperativewelcoop.com\\\/blog\\\/concours-enfants-juste-humain-2024\\\/\"},\"author\":{\"name\":\"Florence LECRIVAIN\",\"@id\":\"https:\\\/\\\/www.lacooperativewelcoop.com\\\/#\\\/schema\\\/person\\\/5e6238fcde6c4ea20547ecfcf77c5dda\"},\"headline\":\"Aux c\u00f4t\u00e9s de Juste Humain pour soutenir les enfants hospitalis\u00e9s\",\"datePublished\":\"2024-05-22T06:57:08+00:00\",\"dateModified\":\"2024-05-22T06:57:10+00:00\",\"mainEntityOfPage\":{\"@id\":\"https:\\\/\\\/www.lacooperativewelcoop.com\\\/blog\\\/concours-enfants-juste-humain-2024\\\/\"},\"wordCount\":454,\"publisher\":{\"@id\":\"https:\\\/\\\/www.lacooperativewelcoop.com\\\/#organization\"},\"image\":{\"@id\":\"https:\\\/\\\/www.lacooperativewelcoop.com\\\/blog\\\/concours-enfants-juste-humain-2024\\\/#primaryimage\"},\"thumbnailUrl\":\"https:\\\/\\\/www.lacooperativewelcoop.com\\\/wp-content\\\/uploads\\\/2024\\\/05\\\/Vignette-blog-Juste-Humain-2024.png\",\"articleSection\":[\"Collaborateurs\",\"Ev\u00e8nement\",\"Patient\",\"Sant\u00e9\"],\"inLanguage\":\"en-US\"},{\"@type\":\"WebPage\",\"@id\":\"https:\\\/\\\/www.lacooperativewelcoop.com\\\/blog\\\/concours-enfants-juste-humain-2024\\\/\",\"url\":\"https:\\\/\\\/www.lacooperativewelcoop.com\\\/blog\\\/concours-enfants-juste-humain-2024\\\/\",\"name\":\"Aux c\u00f4t\u00e9s de Juste Humain pour soutenir les enfants hospitalis\u00e9s - La Coop\u00e9rative Welcoop\",\"isPartOf\":{\"@id\":\"https:\\\/\\\/www.lacooperativewelcoop.com\\\/#website\"},\"primaryImageOfPage\":{\"@id\":\"https:\\\/\\\/www.lacooperativewelcoop.com\\\/blog\\\/concours-enfants-juste-humain-2024\\\/#primaryimage\"},\"image\":{\"@id\":\"https:\\\/\\\/www.lacooperativewelcoop.com\\\/blog\\\/concours-enfants-juste-humain-2024\\\/#primaryimage\"},\"thumbnailUrl\":\"https:\\\/\\\/www.lacooperativewelcoop.com\\\/wp-content\\\/uploads\\\/2024\\\/05\\\/Vignette-blog-Juste-Humain-2024.png\",\"datePublished\":\"2024-05-22T06:57:08+00:00\",\"dateModified\":\"2024-05-22T06:57:10+00:00\",\"description\":\"La Coop\u00e9rative Welcoop renforce son engagement aupr\u00e8s des enfants hospitalis\u00e9s avec le concours de dessins organis\u00e9 par Juste Humain.\",\"breadcrumb\":{\"@id\":\"https:\\\/\\\/www.lacooperativewelcoop.com\\\/blog\\\/concours-enfants-juste-humain-2024\\\/#breadcrumb\"},\"inLanguage\":\"en-US\",\"potentialAction\":[{\"@type\":\"ReadAction\",\"target\":[\"https:\\\/\\\/www.lacooperativewelcoop.com\\\/blog\\\/concours-enfants-juste-humain-2024\\\/\"]}]},{\"@type\":\"ImageObject\",\"inLanguage\":\"en-US\",\"@id\":\"https:\\\/\\\/www.lacooperativewelcoop.com\\\/blog\\\/concours-enfants-juste-humain-2024\\\/#primaryimage\",\"url\":\"https:\\\/\\\/www.lacooperativewelcoop.com\\\/wp-content\\\/uploads\\\/2024\\\/05\\\/Vignette-blog-Juste-Humain-2024.png\",\"contentUrl\":\"https:\\\/\\\/www.lacooperativewelcoop.com\\\/wp-content\\\/uploads\\\/2024\\\/05\\\/Vignette-blog-Juste-Humain-2024.png\",\"width\":1920,\"height\":1080,\"caption\":\"Concours de dessins Juste Humain 2024 aupr\u00e8s des enfants hospitalis\u00e9s\"},{\"@type\":\"BreadcrumbList\",\"@id\":\"https:\\\/\\\/www.lacooperativewelcoop.com\\\/blog\\\/concours-enfants-juste-humain-2024\\\/#breadcrumb\",\"itemListElement\":[{\"@type\":\"ListItem\",\"position\":1,\"name\":\"Accueil\",\"item\":\"https:\\\/\\\/www.lacooperativewelcoop.com\\\/en\\\/\"},{\"@type\":\"ListItem\",\"position\":2,\"name\":\"Aux c\u00f4t\u00e9s de Juste Humain pour soutenir les enfants hospitalis\u00e9s\"}]},{\"@type\":\"WebSite\",\"@id\":\"https:\\\/\\\/www.lacooperativewelcoop.com\\\/#website\",\"url\":\"https:\\\/\\\/www.lacooperativewelcoop.com\\\/\",\"name\":\"La Coop\u00e9rative Welcoop\",\"description\":\"Citoyens de la sant\u00e9 et du bien-\u00eatre\",\"publisher\":{\"@id\":\"https:\\\/\\\/www.lacooperativewelcoop.com\\\/#organization\"},\"potentialAction\":[{\"@type\":\"SearchAction\",\"target\":{\"@type\":\"EntryPoint\",\"urlTemplate\":\"https:\\\/\\\/www.lacooperativewelcoop.com\\\/?s={search_term_string}\"},\"query-input\":{\"@type\":\"PropertyValueSpecification\",\"valueRequired\":true,\"valueName\":\"search_term_string\"}}],\"inLanguage\":\"en-US\"},{\"@type\":\"Organization\",\"@id\":\"https:\\\/\\\/www.lacooperativewelcoop.com\\\/#organization\",\"name\":\"La Coop\u00e9rative Welcoop\",\"url\":\"https:\\\/\\\/www.lacooperativewelcoop.com\\\/\",\"logo\":{\"@type\":\"ImageObject\",\"inLanguage\":\"en-US\",\"@id\":\"https:\\\/\\\/www.lacooperativewelcoop.com\\\/#\\\/schema\\\/logo\\\/image\\\/\",\"url\":\"https:\\\/\\\/www.lacooperativewelcoop.com\\\/wp-content\\\/uploads\\\/2019\\\/08\\\/logo@2x.png\",\"contentUrl\":\"https:\\\/\\\/www.lacooperativewelcoop.com\\\/wp-content\\\/uploads\\\/2019\\\/08\\\/logo@2x.png\",\"width\":400,\"height\":218,\"caption\":\"La Coop\u00e9rative Welcoop\"},\"image\":{\"@id\":\"https:\\\/\\\/www.lacooperativewelcoop.com\\\/#\\\/schema\\\/logo\\\/image\\\/\"},\"sameAs\":[\"https:\\\/\\\/www.facebook.com\\\/lacooperativewelcoop\",\"https:\\\/\\\/x.com\\\/LaCoopWelcoop\",\"https:\\\/\\\/www.instagram.com\\\/lacooperativewelcoop\\\/\",\"https:\\\/\\\/www.linkedin.com\\\/company\\\/la-cooperative-welcoop\\\/\",\"https:\\\/\\\/www.youtube.com\\\/playlist?list=PLgsP06JS6FdCOQzquwK_JyDt9fl52quMf\"]},{\"@type\":\"Person\",\"@id\":\"https:\\\/\\\/www.lacooperativewelcoop.com\\\/#\\\/schema\\\/person\\\/5e6238fcde6c4ea20547ecfcf77c5dda\",\"name\":\"Florence LECRIVAIN\",\"image\":{\"@type\":\"ImageObject\",\"inLanguage\":\"en-US\",\"@id\":\"https:\\\/\\\/secure.gravatar.com\\\/avatar\\\/323619a38d69c8e2435fa136fda8324c33eaa92d6cfa16eb2d547974c67b2945?s=96&d=mm&r=g\",\"url\":\"https:\\\/\\\/secure.gravatar.com\\\/avatar\\\/323619a38d69c8e2435fa136fda8324c33eaa92d6cfa16eb2d547974c67b2945?s=96&d=mm&r=g\",\"contentUrl\":\"https:\\\/\\\/secure.gravatar.com\\\/avatar\\\/323619a38d69c8e2435fa136fda8324c33eaa92d6cfa16eb2d547974c67b2945?s=96&d=mm&r=g\",\"caption\":\"Florence LECRIVAIN\"}}]}<\/script>\n<!-- \/ Yoast SEO plugin. -->","yoast_head_json":{"title":"Aux c\u00f4t\u00e9s de Juste Humain pour soutenir les enfants hospitalis\u00e9s - La Coop\u00e9rative Welcoop","description":"La Coop\u00e9rative Welcoop renforce son engagement aupr\u00e8s des enfants hospitalis\u00e9s avec le concours de dessins organis\u00e9 par Juste Humain.","robots":{"index":"index","follow":"follow","max-snippet":"max-snippet:-1","max-image-preview":"max-image-preview:large","max-video-preview":"max-video-preview:-1"},"canonical":"https:\/\/www.lacooperativewelcoop.com\/blog\/concours-enfants-juste-humain-2024\/","og_locale":"en_US","og_type":"article","og_title":"Aux c\u00f4t\u00e9s de Juste Humain pour soutenir les enfants hospitalis\u00e9s - La Coop\u00e9rative Welcoop","og_description":"La Coop\u00e9rative Welcoop renforce son engagement aupr\u00e8s des enfants hospitalis\u00e9s avec le concours de dessins organis\u00e9 par Juste Humain.","og_url":"https:\/\/www.lacooperativewelcoop.com\/blog\/concours-enfants-juste-humain-2024\/","og_site_name":"La Coop\u00e9rative Welcoop","article_publisher":"https:\/\/www.facebook.com\/lacooperativewelcoop","article_published_time":"2024-05-22T06:57:08+00:00","article_modified_time":"2024-05-22T06:57:10+00:00","og_image":[{"width":1920,"height":1080,"url":"https:\/\/www.lacooperativewelcoop.com\/wp-content\/uploads\/2024\/05\/Vignette-blog-Juste-Humain-2024.png","type":"image\/png"}],"author":"Florence LECRIVAIN","twitter_card":"summary_large_image","twitter_creator":"@LaCoopWelcoop","twitter_site":"@LaCoopWelcoop","twitter_misc":{"Written by":"Florence LECRIVAIN","Est. reading time":"2 minutes"},"schema":{"@context":"https:\/\/schema.org","@graph":[{"@type":"Article","@id":"https:\/\/www.lacooperativewelcoop.com\/blog\/concours-enfants-juste-humain-2024\/#article","isPartOf":{"@id":"https:\/\/www.lacooperativewelcoop.com\/blog\/concours-enfants-juste-humain-2024\/"},"author":{"name":"Florence LECRIVAIN","@id":"https:\/\/www.lacooperativewelcoop.com\/#\/schema\/person\/5e6238fcde6c4ea20547ecfcf77c5dda"},"headline":"Aux c\u00f4t\u00e9s de Juste Humain pour soutenir les enfants hospitalis\u00e9s","datePublished":"2024-05-22T06:57:08+00:00","dateModified":"2024-05-22T06:57:10+00:00","mainEntityOfPage":{"@id":"https:\/\/www.lacooperativewelcoop.com\/blog\/concours-enfants-juste-humain-2024\/"},"wordCount":454,"publisher":{"@id":"https:\/\/www.lacooperativewelcoop.com\/#organization"},"image":{"@id":"https:\/\/www.lacooperativewelcoop.com\/blog\/concours-enfants-juste-humain-2024\/#primaryimage"},"thumbnailUrl":"https:\/\/www.lacooperativewelcoop.com\/wp-content\/uploads\/2024\/05\/Vignette-blog-Juste-Humain-2024.png","articleSection":["Collaborateurs","Ev\u00e8nement","Patient","Sant\u00e9"],"inLanguage":"en-US"},{"@type":"WebPage","@id":"https:\/\/www.lacooperativewelcoop.com\/blog\/concours-enfants-juste-humain-2024\/","url":"https:\/\/www.lacooperativewelcoop.com\/blog\/concours-enfants-juste-humain-2024\/","name":"Aux c\u00f4t\u00e9s de Juste Humain pour soutenir les enfants hospitalis\u00e9s - La Coop\u00e9rative Welcoop","isPartOf":{"@id":"https:\/\/www.lacooperativewelcoop.com\/#website"},"primaryImageOfPage":{"@id":"https:\/\/www.lacooperativewelcoop.com\/blog\/concours-enfants-juste-humain-2024\/#primaryimage"},"image":{"@id":"https:\/\/www.lacooperativewelcoop.com\/blog\/concours-enfants-juste-humain-2024\/#primaryimage"},"thumbnailUrl":"https:\/\/www.lacooperativewelcoop.com\/wp-content\/uploads\/2024\/05\/Vignette-blog-Juste-Humain-2024.png","datePublished":"2024-05-22T06:57:08+00:00","dateModified":"2024-05-22T06:57:10+00:00","description":"La Coop\u00e9rative Welcoop renforce son engagement aupr\u00e8s des enfants hospitalis\u00e9s avec le concours de dessins organis\u00e9 par Juste Humain.","breadcrumb":{"@id":"https:\/\/www.lacooperativewelcoop.com\/blog\/concours-enfants-juste-humain-2024\/#breadcrumb"},"inLanguage":"en-US","potentialAction":[{"@type":"ReadAction","target":["https:\/\/www.lacooperativewelcoop.com\/blog\/concours-enfants-juste-humain-2024\/"]}]},{"@type":"ImageObject","inLanguage":"en-US","@id":"https:\/\/www.lacooperativewelcoop.com\/blog\/concours-enfants-juste-humain-2024\/#primaryimage","url":"https:\/\/www.lacooperativewelcoop.com\/wp-content\/uploads\/2024\/05\/Vignette-blog-Juste-Humain-2024.png","contentUrl":"https:\/\/www.lacooperativewelcoop.com\/wp-content\/uploads\/2024\/05\/Vignette-blog-Juste-Humain-2024.png","width":1920,"height":1080,"caption":"Concours de dessins Juste Humain 2024 aupr\u00e8s des enfants hospitalis\u00e9s"},{"@type":"BreadcrumbList","@id":"https:\/\/www.lacooperativewelcoop.com\/blog\/concours-enfants-juste-humain-2024\/#breadcrumb","itemListElement":[{"@type":"ListItem","position":1,"name":"Accueil","item":"https:\/\/www.lacooperativewelcoop.com\/en\/"},{"@type":"ListItem","position":2,"name":"Aux c\u00f4t\u00e9s de Juste Humain pour soutenir les enfants hospitalis\u00e9s"}]},{"@type":"WebSite","@id":"https:\/\/www.lacooperativewelcoop.com\/#website","url":"https:\/\/www.lacooperativewelcoop.com\/","name":"La Coop\u00e9rative Welcoop","description":"Citoyens de la sant\u00e9 et du bien-\u00eatre","publisher":{"@id":"https:\/\/www.lacooperativewelcoop.com\/#organization"},"potentialAction":[{"@type":"SearchAction","target":{"@type":"EntryPoint","urlTemplate":"https:\/\/www.lacooperativewelcoop.com\/?s={search_term_string}"},"query-input":{"@type":"PropertyValueSpecification","valueRequired":true,"valueName":"search_term_string"}}],"inLanguage":"en-US"},{"@type":"Organization","@id":"https:\/\/www.lacooperativewelcoop.com\/#organization","name":"La Coop\u00e9rative Welcoop","url":"https:\/\/www.lacooperativewelcoop.com\/","logo":{"@type":"ImageObject","inLanguage":"en-US","@id":"https:\/\/www.lacooperativewelcoop.com\/#\/schema\/logo\/image\/","url":"https:\/\/www.lacooperativewelcoop.com\/wp-content\/uploads\/2019\/08\/logo@2x.png","contentUrl":"https:\/\/www.lacooperativewelcoop.com\/wp-content\/uploads\/2019\/08\/logo@2x.png","width":400,"height":218,"caption":"La Coop\u00e9rative Welcoop"},"image":{"@id":"https:\/\/www.lacooperativewelcoop.com\/#\/schema\/logo\/image\/"},"sameAs":["https:\/\/www.facebook.com\/lacooperativewelcoop","https:\/\/x.com\/LaCoopWelcoop","https:\/\/www.instagram.com\/lacooperativewelcoop\/","https:\/\/www.linkedin.com\/company\/la-cooperative-welcoop\/","https:\/\/www.youtube.com\/playlist?list=PLgsP06JS6FdCOQzquwK_JyDt9fl52quMf"]},{"@type":"Person","@id":"https:\/\/www.lacooperativewelcoop.com\/#\/schema\/person\/5e6238fcde6c4ea20547ecfcf77c5dda","name":"Florence LECRIVAIN","image":{"@type":"ImageObject","inLanguage":"en-US","@id":"https:\/\/secure.gravatar.com\/avatar\/323619a38d69c8e2435fa136fda8324c33eaa92d6cfa16eb2d547974c67b2945?s=96&d=mm&r=g","url":"https:\/\/secure.gravatar.com\/avatar\/323619a38d69c8e2435fa136fda8324c33eaa92d6cfa16eb2d547974c67b2945?s=96&d=mm&r=g","contentUrl":"https:\/\/secure.gravatar.com\/avatar\/323619a38d69c8e2435fa136fda8324c33eaa92d6cfa16eb2d547974c67b2945?s=96&d=mm&r=g","caption":"Florence LECRIVAIN"}}]}},"_links":{"self":[{"href":"https:\/\/www.lacooperativewelcoop.com\/en\/wp-json\/wp\/v2\/posts\/17777","targetHints":{"allow":["GET"]}}],"collection":[{"href":"https:\/\/www.lacooperativewelcoop.com\/en\/wp-json\/wp\/v2\/posts"}],"about":[{"href":"https:\/\/www.lacooperativewelcoop.com\/en\/wp-json\/wp\/v2\/types\/post"}],"author":[{"embeddable":true,"href":"https:\/\/www.lacooperativewelcoop.com\/en\/wp-json\/wp\/v2\/users\/12"}],"replies":[{"embeddable":true,"href":"https:\/\/www.lacooperativewelcoop.com\/en\/wp-json\/wp\/v2\/comments?post=17777"}],"version-history":[{"count":25,"href":"https:\/\/www.lacooperativewelcoop.com\/en\/wp-json\/wp\/v2\/posts\/17777\/revisions"}],"predecessor-version":[{"id":17866,"href":"https:\/\/www.lacooperativewelcoop.com\/en\/wp-json\/wp\/v2\/posts\/17777\/revisions\/17866"}],"wp:featuredmedia":[{"embeddable":true,"href":"https:\/\/www.lacooperativewelcoop.com\/en\/wp-json\/wp\/v2\/media\/17822"}],"wp:attachment":[{"href":"https:\/\/www.lacooperativewelcoop.com\/en\/wp-json\/wp\/v2\/media?parent=17777"}],"wp:term":[{"taxonomy":"category","embeddable":true,"href":"https:\/\/www.lacooperativewelcoop.com\/en\/wp-json\/wp\/v2\/categories?post=17777"},{"taxonomy":"post_tag","embeddable":true,"href":"https:\/\/www.lacooperativewelcoop.com\/en\/wp-json\/wp\/v2\/tags?post=17777"}],"curies":[{"name":"wp","href":"https:\/\/api.w.org\/{rel}","templated":true}]}}