{"id":19957,"date":"2024-12-04T12:28:43","date_gmt":"2024-12-04T11:28:43","guid":{"rendered":"https:\/\/www.lacooperativewelcoop.com\/?p=19957"},"modified":"2024-12-04T14:32:15","modified_gmt":"2024-12-04T13:32:15","slug":"college-des-pharmacies","status":"publish","type":"post","link":"https:\/\/www.lacooperativewelcoop.com\/en\/blog\/college-des-pharmacies\/","title":{"rendered":"Cr\u00e9ation du Coll\u00e8ge des Pharmacies au sein de la FCA : une r\u00e9ponse coop\u00e9rative face \u00e0 la financiarisation, pour un exercice lib\u00e9ral et ind\u00e9pendant"},"content":{"rendered":"<p class=\"lead text-primary\">Face aux transformations profondes du secteur officinal, 7 acteurs cl\u00e9s du monde coop\u00e9ratif et associ\u00e9, dont La Coop\u00e9rative Welcoop, se mobilisent pour promouvoir et valoriser un mod\u00e8le coop\u00e9ratif en r\u00e9ponse aux enjeux de la financiarisation et aux d\u00e9fis du syst\u00e8me de sant\u00e9, en cr\u00e9ant un Coll\u00e8ge au sein de la FCA (F\u00e9d\u00e9ration du Commerce Coop\u00e9ratif et Associ\u00e9).<\/p>\n\n\n<figure class=\"wp-block-image size-full\"><a href=\"https:\/\/www.lacooperativewelcoop.com\/wp-content\/uploads\/2024\/12\/FCA-manifeste-VF.pdf\" target=\"_blank\" rel=\"noreferrer noopener\"><img loading=\"lazy\" decoding=\"async\" width=\"250\" height=\"100\" src=\"https:\/\/www.lacooperativewelcoop.com\/wp-content\/uploads\/2024\/12\/Bouton-blog-College-Pharmacies-1.jpg\" alt=\"Bouton blog Coll\u00e8ge Pharmacies (1)\" class=\"wp-image-19974\"\/><\/a><\/figure>\n\n\n\n<h2 class=\"wp-block-heading has-medium-font-size\">Un mod\u00e8le coop\u00e9ratif au service des pharmaciens et des patients<\/h2>\n\n\n\n<p>La pharmacie lib\u00e9rale, pilier historique de la sant\u00e9 de proximit\u00e9, est aujourd\u2019hui confront\u00e9e \u00e0 des menaces majeures :<\/p>\n\n\n\n<ul class=\"wp-block-list\">\n<li>D\u00e9sertification m\u00e9dicale et difficult\u00e9 d\u2019acc\u00e8s aux soins dans les territoires<\/li>\n\n\n\n<li>Perte d\u2019attractivit\u00e9 pour les jeunes g\u00e9n\u00e9rations<\/li>\n\n\n\n<li>Crise du syst\u00e8me de sant\u00e9<\/li>\n\n\n\n<li>Financiarisation de l\u2019offre de soins<\/li>\n<\/ul>\n\n\n\n<p>Dans ce contexte, le mod\u00e8le coop\u00e9ratif se pr\u00e9sente comme une solution durable et vertueuse. En mutualisant les ressources et en s\u2019appuyant sur la gouvernance d\u00e9mocratique des groupements, les pharmaciens peuvent :<\/p>\n\n\n\n<ul class=\"wp-block-list\">\n<li><strong>Pr\u00e9server leur ind\u00e9pendance <\/strong>tout en b\u00e9n\u00e9ficiant de la force d\u2019un r\u00e9seau.<\/li>\n\n\n\n<li><strong>Profiter d\u2019un syst\u00e8me redistributif et circulaire<\/strong>, vertueux pour le pharmacien et le syst\u00e8me de sant\u00e9.<\/li>\n\n\n\n<li><strong>B\u00e9n\u00e9ficier d\u2019expertises et de service cr\u00e9\u00e9s par et pour les pharmaciens donc orient\u00e9s par nature vers la performance et la p\u00e9rennit\u00e9 <\/strong>de leur officine<\/li>\n\n\n\n<li><strong>Renforcer la proximit\u00e9 et l\u2019acc\u00e8s aux soins<\/strong>, en particulier dans les territoires fragilis\u00e9s.<\/li>\n<\/ul>\n\n\n\n<h2 class=\"wp-block-heading has-medium-font-size\">Une vision commune port\u00e9e par 7 acteurs cl\u00e9s<\/h2>\n\n\n\n<p>Astera, Giropharm, Giphar, Elsie Sant\u00e9, Totum Pharmaciens, Socopharm R\u00e9union et La Coop\u00e9rative Welcoop, <strong>unissent leurs forces<\/strong> au sein du Coll\u00e8ge des Pharmacies. Ensemble, qu\u2019ils soient port\u00e9s par des coop\u00e9ratives de services ou des &nbsp;groupements, nos structures coop\u00e9ratives repr\u00e9sentent plus de 15 000 adh\u00e9rents, soit pr\u00e8s de 3 pharmacies sur 4 en France.<\/p>\n\n\n\n<p>Cette union est guid\u00e9e par des valeurs fondamentales : <strong>libert\u00e9, solidarit\u00e9 et transparence<\/strong>. Ces principes permettent de construire une pharmacie durable, ax\u00e9e sur la sant\u00e9 publique et le bien-\u00eatre des populations.<\/p>\n\n\n\n<h2 class=\"wp-block-heading has-medium-font-size\">Un appel aux pharmaciens et aux pouvoirs publics<\/h2>\n\n\n\n<p>Le Coll\u00e8ge lance un double appel :<\/p>\n\n\n\n<ul class=\"wp-block-list\">\n<li><strong>Aux pharmaciens<\/strong>, pour les inviter \u00e0 rejoindre un mod\u00e8le qui concilie performance, ind\u00e9pendance et entraide.<\/li>\n\n\n\n<li><strong>Aux pouvoirs publics<\/strong>, afin qu\u2019ils soutiennent activement ce mod\u00e8le face aux d\u00e9rives de la financiarisation et garantissent un meilleur acc\u00e8s aux soins sur tout le territoire.<\/li>\n<\/ul>\n\n\n\n<p><strong>Ensemble, pour b\u00e2tir la pharmacie de demain<\/strong><\/p>\n\n\n\n<p>Nous croyons fermement en l\u2019avenir du mod\u00e8le coop\u00e9ratif pour relever les d\u00e9fis du syst\u00e8me de sant\u00e9. En tant que membre actif du Coll\u00e8ge des pharmacies, La Coop\u00e9rative Welcoop est fi\u00e8re de contribuer \u00e0 la pr\u00e9servation d\u2019un maillage officinal fort et \u00e0 l\u2019\u00e9mergence de solutions innovantes pour les pharmaciens et leurs patients.<\/p>\n\n\n\n<p>Pour en savoir plus sur le Coll\u00e8ge des pharmacies, <strong><a href=\"https:\/\/www.lacooperativewelcoop.com\/wp-content\/uploads\/2024\/12\/FCA-manifeste-VF.pdf\" target=\"_blank\" rel=\"noreferrer noopener\">d\u00e9couvrez le manifeste<\/a><\/strong> de la <a href=\"https:\/\/www.commerce-associe.fr\/\" target=\"_blank\" rel=\"noreferrer noopener\">FCA<\/a>.<\/p>\n\n\n\n<figure class=\"wp-block-image size-medium\"><a href=\"https:\/\/www.lacooperativewelcoop.com\/wp-content\/uploads\/2024\/12\/FCA-manifeste-VF.pdf\" target=\"_blank\" rel=\"noreferrer noopener\"><img loading=\"lazy\" decoding=\"async\" width=\"445\" height=\"632\" src=\"https:\/\/www.lacooperativewelcoop.com\/wp-content\/uploads\/2024\/12\/Apercu-manifeste-college-pharmacies-445x632.png\" alt=\"\" class=\"wp-image-19976\" srcset=\"https:\/\/www.lacooperativewelcoop.com\/wp-content\/uploads\/2024\/12\/Apercu-manifeste-college-pharmacies-445x632.png 445w, https:\/\/www.lacooperativewelcoop.com\/wp-content\/uploads\/2024\/12\/Apercu-manifeste-college-pharmacies-330x469.png 330w, https:\/\/www.lacooperativewelcoop.com\/wp-content\/uploads\/2024\/12\/Apercu-manifeste-college-pharmacies-218x309.png 218w, https:\/\/www.lacooperativewelcoop.com\/wp-content\/uploads\/2024\/12\/Apercu-manifeste-college-pharmacies.png 550w\" sizes=\"auto, (max-width: 445px) 100vw, 445px\" \/><\/a><\/figure>\n","protected":false},"excerpt":{"rendered":"<p>Un mod\u00e8le coop\u00e9ratif au service des pharmaciens et des patients La pharmacie lib\u00e9rale, pilier historique de la sant\u00e9 de proximit\u00e9, est aujourd\u2019hui confront\u00e9e \u00e0 des&#8230;<\/p>\n","protected":false},"author":12,"featured_media":19959,"comment_status":"closed","ping_status":"closed","sticky":false,"template":"","format":"standard","meta":{"_acf_changed":false,"footnotes":""},"categories":[86,48,8],"tags":[],"class_list":["post-19957","post","type-post","status-publish","format-standard","has-post-thumbnail","hentry","category-actualites","category-evenement","category-pharmacien"],"acf":[],"yoast_head":"<!-- This site is optimized with the Yoast SEO plugin v27.3 - https:\/\/yoast.com\/product\/yoast-seo-wordpress\/ -->\n<title>Cr\u00e9ation du Coll\u00e8ge des Pharmacies au sein de la FCA : une r\u00e9ponse coop\u00e9rative face \u00e0 la financiarisation, pour un exercice lib\u00e9ral et ind\u00e9pendant<\/title>\n<meta name=\"description\" content=\"7 coop\u00e9ratives de pharmaciens se mobilisent en cr\u00e9ant un Coll\u00e8ge au sein de la FCA face aux transformations profondes du secteur officinal.\" \/>\n<meta name=\"robots\" content=\"index, follow, max-snippet:-1, max-image-preview:large, max-video-preview:-1\" \/>\n<link rel=\"canonical\" href=\"https:\/\/www.lacooperativewelcoop.com\/blog\/college-des-pharmacies\/\" \/>\n<meta property=\"og:locale\" content=\"en_US\" \/>\n<meta property=\"og:type\" content=\"article\" \/>\n<meta property=\"og:title\" content=\"Cr\u00e9ation du Coll\u00e8ge des Pharmacies au sein de la FCA : une r\u00e9ponse coop\u00e9rative face \u00e0 la financiarisation, pour un exercice lib\u00e9ral et ind\u00e9pendant\" \/>\n<meta property=\"og:description\" content=\"7 coop\u00e9ratives de pharmaciens se mobilisent en cr\u00e9ant un Coll\u00e8ge au sein de la FCA face aux transformations profondes du secteur officinal.\" \/>\n<meta property=\"og:url\" content=\"https:\/\/www.lacooperativewelcoop.com\/blog\/college-des-pharmacies\/\" \/>\n<meta property=\"og:site_name\" content=\"La Coop\u00e9rative Welcoop\" \/>\n<meta property=\"article:publisher\" content=\"https:\/\/www.facebook.com\/lacooperativewelcoop\" \/>\n<meta property=\"article:published_time\" content=\"2024-12-04T11:28:43+00:00\" \/>\n<meta property=\"article:modified_time\" content=\"2024-12-04T13:32:15+00:00\" \/>\n<meta property=\"og:image\" content=\"https:\/\/www.lacooperativewelcoop.com\/wp-content\/uploads\/2024\/12\/College-Pharmacies-de-la-FCA-Bann-Blog-850x478.jpg\" \/>\n\t<meta property=\"og:image:width\" content=\"850\" \/>\n\t<meta property=\"og:image:height\" content=\"478\" \/>\n\t<meta property=\"og:image:type\" content=\"image\/jpeg\" \/>\n<meta name=\"author\" content=\"Florence LECRIVAIN\" \/>\n<meta name=\"twitter:card\" content=\"summary_large_image\" \/>\n<meta name=\"twitter:creator\" content=\"@LaCoopWelcoop\" \/>\n<meta name=\"twitter:site\" content=\"@LaCoopWelcoop\" \/>\n<meta name=\"twitter:label1\" content=\"Written by\" \/>\n\t<meta name=\"twitter:data1\" content=\"Florence LECRIVAIN\" \/>\n\t<meta name=\"twitter:label2\" content=\"Est. reading time\" \/>\n\t<meta name=\"twitter:data2\" content=\"2 minutes\" \/>\n<script type=\"application\/ld+json\" class=\"yoast-schema-graph\">{\"@context\":\"https:\\\/\\\/schema.org\",\"@graph\":[{\"@type\":\"Article\",\"@id\":\"https:\\\/\\\/www.lacooperativewelcoop.com\\\/blog\\\/college-des-pharmacies\\\/#article\",\"isPartOf\":{\"@id\":\"https:\\\/\\\/www.lacooperativewelcoop.com\\\/blog\\\/college-des-pharmacies\\\/\"},\"author\":{\"name\":\"Florence LECRIVAIN\",\"@id\":\"https:\\\/\\\/www.lacooperativewelcoop.com\\\/#\\\/schema\\\/person\\\/5e6238fcde6c4ea20547ecfcf77c5dda\"},\"headline\":\"Cr\u00e9ation du Coll\u00e8ge des Pharmacies au sein de la FCA : une r\u00e9ponse coop\u00e9rative face \u00e0 la financiarisation, pour un exercice lib\u00e9ral et ind\u00e9pendant\",\"datePublished\":\"2024-12-04T11:28:43+00:00\",\"dateModified\":\"2024-12-04T13:32:15+00:00\",\"mainEntityOfPage\":{\"@id\":\"https:\\\/\\\/www.lacooperativewelcoop.com\\\/blog\\\/college-des-pharmacies\\\/\"},\"wordCount\":457,\"publisher\":{\"@id\":\"https:\\\/\\\/www.lacooperativewelcoop.com\\\/#organization\"},\"image\":{\"@id\":\"https:\\\/\\\/www.lacooperativewelcoop.com\\\/blog\\\/college-des-pharmacies\\\/#primaryimage\"},\"thumbnailUrl\":\"https:\\\/\\\/www.lacooperativewelcoop.com\\\/wp-content\\\/uploads\\\/2024\\\/12\\\/College-Pharmacies-de-la-FCA-Bann-Blog.jpg\",\"articleSection\":[\"Actualit\u00e9s\",\"Ev\u00e8nement\",\"Pharmacien\"],\"inLanguage\":\"en-US\"},{\"@type\":\"WebPage\",\"@id\":\"https:\\\/\\\/www.lacooperativewelcoop.com\\\/blog\\\/college-des-pharmacies\\\/\",\"url\":\"https:\\\/\\\/www.lacooperativewelcoop.com\\\/blog\\\/college-des-pharmacies\\\/\",\"name\":\"Cr\u00e9ation du Coll\u00e8ge des Pharmacies au sein de la FCA : une r\u00e9ponse coop\u00e9rative face \u00e0 la financiarisation, pour un exercice lib\u00e9ral et ind\u00e9pendant\",\"isPartOf\":{\"@id\":\"https:\\\/\\\/www.lacooperativewelcoop.com\\\/#website\"},\"primaryImageOfPage\":{\"@id\":\"https:\\\/\\\/www.lacooperativewelcoop.com\\\/blog\\\/college-des-pharmacies\\\/#primaryimage\"},\"image\":{\"@id\":\"https:\\\/\\\/www.lacooperativewelcoop.com\\\/blog\\\/college-des-pharmacies\\\/#primaryimage\"},\"thumbnailUrl\":\"https:\\\/\\\/www.lacooperativewelcoop.com\\\/wp-content\\\/uploads\\\/2024\\\/12\\\/College-Pharmacies-de-la-FCA-Bann-Blog.jpg\",\"datePublished\":\"2024-12-04T11:28:43+00:00\",\"dateModified\":\"2024-12-04T13:32:15+00:00\",\"description\":\"7 coop\u00e9ratives de pharmaciens se mobilisent en cr\u00e9ant un Coll\u00e8ge au sein de la FCA face aux transformations profondes du secteur officinal.\",\"breadcrumb\":{\"@id\":\"https:\\\/\\\/www.lacooperativewelcoop.com\\\/blog\\\/college-des-pharmacies\\\/#breadcrumb\"},\"inLanguage\":\"en-US\",\"potentialAction\":[{\"@type\":\"ReadAction\",\"target\":[\"https:\\\/\\\/www.lacooperativewelcoop.com\\\/blog\\\/college-des-pharmacies\\\/\"]}]},{\"@type\":\"ImageObject\",\"inLanguage\":\"en-US\",\"@id\":\"https:\\\/\\\/www.lacooperativewelcoop.com\\\/blog\\\/college-des-pharmacies\\\/#primaryimage\",\"url\":\"https:\\\/\\\/www.lacooperativewelcoop.com\\\/wp-content\\\/uploads\\\/2024\\\/12\\\/College-Pharmacies-de-la-FCA-Bann-Blog.jpg\",\"contentUrl\":\"https:\\\/\\\/www.lacooperativewelcoop.com\\\/wp-content\\\/uploads\\\/2024\\\/12\\\/College-Pharmacies-de-la-FCA-Bann-Blog.jpg\",\"width\":2560,\"height\":1440,\"caption\":\"Coll\u00e8ge Pharmacies de la FCA\"},{\"@type\":\"BreadcrumbList\",\"@id\":\"https:\\\/\\\/www.lacooperativewelcoop.com\\\/blog\\\/college-des-pharmacies\\\/#breadcrumb\",\"itemListElement\":[{\"@type\":\"ListItem\",\"position\":1,\"name\":\"Accueil\",\"item\":\"https:\\\/\\\/www.lacooperativewelcoop.com\\\/en\\\/\"},{\"@type\":\"ListItem\",\"position\":2,\"name\":\"Cr\u00e9ation du Coll\u00e8ge des Pharmacies au sein de la FCA : une r\u00e9ponse coop\u00e9rative face \u00e0 la financiarisation, pour un exercice lib\u00e9ral et ind\u00e9pendant\"}]},{\"@type\":\"WebSite\",\"@id\":\"https:\\\/\\\/www.lacooperativewelcoop.com\\\/#website\",\"url\":\"https:\\\/\\\/www.lacooperativewelcoop.com\\\/\",\"name\":\"La Coop\u00e9rative Welcoop\",\"description\":\"Citoyens de la sant\u00e9 et du bien-\u00eatre\",\"publisher\":{\"@id\":\"https:\\\/\\\/www.lacooperativewelcoop.com\\\/#organization\"},\"potentialAction\":[{\"@type\":\"SearchAction\",\"target\":{\"@type\":\"EntryPoint\",\"urlTemplate\":\"https:\\\/\\\/www.lacooperativewelcoop.com\\\/?s={search_term_string}\"},\"query-input\":{\"@type\":\"PropertyValueSpecification\",\"valueRequired\":true,\"valueName\":\"search_term_string\"}}],\"inLanguage\":\"en-US\"},{\"@type\":\"Organization\",\"@id\":\"https:\\\/\\\/www.lacooperativewelcoop.com\\\/#organization\",\"name\":\"La Coop\u00e9rative Welcoop\",\"url\":\"https:\\\/\\\/www.lacooperativewelcoop.com\\\/\",\"logo\":{\"@type\":\"ImageObject\",\"inLanguage\":\"en-US\",\"@id\":\"https:\\\/\\\/www.lacooperativewelcoop.com\\\/#\\\/schema\\\/logo\\\/image\\\/\",\"url\":\"https:\\\/\\\/www.lacooperativewelcoop.com\\\/wp-content\\\/uploads\\\/2019\\\/08\\\/logo@2x.png\",\"contentUrl\":\"https:\\\/\\\/www.lacooperativewelcoop.com\\\/wp-content\\\/uploads\\\/2019\\\/08\\\/logo@2x.png\",\"width\":400,\"height\":218,\"caption\":\"La Coop\u00e9rative Welcoop\"},\"image\":{\"@id\":\"https:\\\/\\\/www.lacooperativewelcoop.com\\\/#\\\/schema\\\/logo\\\/image\\\/\"},\"sameAs\":[\"https:\\\/\\\/www.facebook.com\\\/lacooperativewelcoop\",\"https:\\\/\\\/x.com\\\/LaCoopWelcoop\",\"https:\\\/\\\/www.instagram.com\\\/lacooperativewelcoop\\\/\",\"https:\\\/\\\/www.linkedin.com\\\/company\\\/la-cooperative-welcoop\\\/\",\"https:\\\/\\\/www.youtube.com\\\/playlist?list=PLgsP06JS6FdCOQzquwK_JyDt9fl52quMf\"]},{\"@type\":\"Person\",\"@id\":\"https:\\\/\\\/www.lacooperativewelcoop.com\\\/#\\\/schema\\\/person\\\/5e6238fcde6c4ea20547ecfcf77c5dda\",\"name\":\"Florence LECRIVAIN\",\"image\":{\"@type\":\"ImageObject\",\"inLanguage\":\"en-US\",\"@id\":\"https:\\\/\\\/secure.gravatar.com\\\/avatar\\\/323619a38d69c8e2435fa136fda8324c33eaa92d6cfa16eb2d547974c67b2945?s=96&d=mm&r=g\",\"url\":\"https:\\\/\\\/secure.gravatar.com\\\/avatar\\\/323619a38d69c8e2435fa136fda8324c33eaa92d6cfa16eb2d547974c67b2945?s=96&d=mm&r=g\",\"contentUrl\":\"https:\\\/\\\/secure.gravatar.com\\\/avatar\\\/323619a38d69c8e2435fa136fda8324c33eaa92d6cfa16eb2d547974c67b2945?s=96&d=mm&r=g\",\"caption\":\"Florence LECRIVAIN\"}}]}<\/script>\n<!-- \/ Yoast SEO plugin. -->","yoast_head_json":{"title":"Cr\u00e9ation du Coll\u00e8ge des Pharmacies au sein de la FCA : une r\u00e9ponse coop\u00e9rative face \u00e0 la financiarisation, pour un exercice lib\u00e9ral et ind\u00e9pendant","description":"7 coop\u00e9ratives de pharmaciens se mobilisent en cr\u00e9ant un Coll\u00e8ge au sein de la FCA face aux transformations profondes du secteur officinal.","robots":{"index":"index","follow":"follow","max-snippet":"max-snippet:-1","max-image-preview":"max-image-preview:large","max-video-preview":"max-video-preview:-1"},"canonical":"https:\/\/www.lacooperativewelcoop.com\/blog\/college-des-pharmacies\/","og_locale":"en_US","og_type":"article","og_title":"Cr\u00e9ation du Coll\u00e8ge des Pharmacies au sein de la FCA : une r\u00e9ponse coop\u00e9rative face \u00e0 la financiarisation, pour un exercice lib\u00e9ral et ind\u00e9pendant","og_description":"7 coop\u00e9ratives de pharmaciens se mobilisent en cr\u00e9ant un Coll\u00e8ge au sein de la FCA face aux transformations profondes du secteur officinal.","og_url":"https:\/\/www.lacooperativewelcoop.com\/blog\/college-des-pharmacies\/","og_site_name":"La Coop\u00e9rative Welcoop","article_publisher":"https:\/\/www.facebook.com\/lacooperativewelcoop","article_published_time":"2024-12-04T11:28:43+00:00","article_modified_time":"2024-12-04T13:32:15+00:00","og_image":[{"width":850,"height":478,"url":"https:\/\/www.lacooperativewelcoop.com\/wp-content\/uploads\/2024\/12\/College-Pharmacies-de-la-FCA-Bann-Blog-850x478.jpg","type":"image\/jpeg"}],"author":"Florence LECRIVAIN","twitter_card":"summary_large_image","twitter_creator":"@LaCoopWelcoop","twitter_site":"@LaCoopWelcoop","twitter_misc":{"Written by":"Florence LECRIVAIN","Est. reading time":"2 minutes"},"schema":{"@context":"https:\/\/schema.org","@graph":[{"@type":"Article","@id":"https:\/\/www.lacooperativewelcoop.com\/blog\/college-des-pharmacies\/#article","isPartOf":{"@id":"https:\/\/www.lacooperativewelcoop.com\/blog\/college-des-pharmacies\/"},"author":{"name":"Florence LECRIVAIN","@id":"https:\/\/www.lacooperativewelcoop.com\/#\/schema\/person\/5e6238fcde6c4ea20547ecfcf77c5dda"},"headline":"Cr\u00e9ation du Coll\u00e8ge des Pharmacies au sein de la FCA : une r\u00e9ponse coop\u00e9rative face \u00e0 la financiarisation, pour un exercice lib\u00e9ral et ind\u00e9pendant","datePublished":"2024-12-04T11:28:43+00:00","dateModified":"2024-12-04T13:32:15+00:00","mainEntityOfPage":{"@id":"https:\/\/www.lacooperativewelcoop.com\/blog\/college-des-pharmacies\/"},"wordCount":457,"publisher":{"@id":"https:\/\/www.lacooperativewelcoop.com\/#organization"},"image":{"@id":"https:\/\/www.lacooperativewelcoop.com\/blog\/college-des-pharmacies\/#primaryimage"},"thumbnailUrl":"https:\/\/www.lacooperativewelcoop.com\/wp-content\/uploads\/2024\/12\/College-Pharmacies-de-la-FCA-Bann-Blog.jpg","articleSection":["Actualit\u00e9s","Ev\u00e8nement","Pharmacien"],"inLanguage":"en-US"},{"@type":"WebPage","@id":"https:\/\/www.lacooperativewelcoop.com\/blog\/college-des-pharmacies\/","url":"https:\/\/www.lacooperativewelcoop.com\/blog\/college-des-pharmacies\/","name":"Cr\u00e9ation du Coll\u00e8ge des Pharmacies au sein de la FCA : une r\u00e9ponse coop\u00e9rative face \u00e0 la financiarisation, pour un exercice lib\u00e9ral et ind\u00e9pendant","isPartOf":{"@id":"https:\/\/www.lacooperativewelcoop.com\/#website"},"primaryImageOfPage":{"@id":"https:\/\/www.lacooperativewelcoop.com\/blog\/college-des-pharmacies\/#primaryimage"},"image":{"@id":"https:\/\/www.lacooperativewelcoop.com\/blog\/college-des-pharmacies\/#primaryimage"},"thumbnailUrl":"https:\/\/www.lacooperativewelcoop.com\/wp-content\/uploads\/2024\/12\/College-Pharmacies-de-la-FCA-Bann-Blog.jpg","datePublished":"2024-12-04T11:28:43+00:00","dateModified":"2024-12-04T13:32:15+00:00","description":"7 coop\u00e9ratives de pharmaciens se mobilisent en cr\u00e9ant un Coll\u00e8ge au sein de la FCA face aux transformations profondes du secteur officinal.","breadcrumb":{"@id":"https:\/\/www.lacooperativewelcoop.com\/blog\/college-des-pharmacies\/#breadcrumb"},"inLanguage":"en-US","potentialAction":[{"@type":"ReadAction","target":["https:\/\/www.lacooperativewelcoop.com\/blog\/college-des-pharmacies\/"]}]},{"@type":"ImageObject","inLanguage":"en-US","@id":"https:\/\/www.lacooperativewelcoop.com\/blog\/college-des-pharmacies\/#primaryimage","url":"https:\/\/www.lacooperativewelcoop.com\/wp-content\/uploads\/2024\/12\/College-Pharmacies-de-la-FCA-Bann-Blog.jpg","contentUrl":"https:\/\/www.lacooperativewelcoop.com\/wp-content\/uploads\/2024\/12\/College-Pharmacies-de-la-FCA-Bann-Blog.jpg","width":2560,"height":1440,"caption":"Coll\u00e8ge Pharmacies de la FCA"},{"@type":"BreadcrumbList","@id":"https:\/\/www.lacooperativewelcoop.com\/blog\/college-des-pharmacies\/#breadcrumb","itemListElement":[{"@type":"ListItem","position":1,"name":"Accueil","item":"https:\/\/www.lacooperativewelcoop.com\/en\/"},{"@type":"ListItem","position":2,"name":"Cr\u00e9ation du Coll\u00e8ge des Pharmacies au sein de la FCA : une r\u00e9ponse coop\u00e9rative face \u00e0 la financiarisation, pour un exercice lib\u00e9ral et ind\u00e9pendant"}]},{"@type":"WebSite","@id":"https:\/\/www.lacooperativewelcoop.com\/#website","url":"https:\/\/www.lacooperativewelcoop.com\/","name":"La Coop\u00e9rative Welcoop","description":"Citoyens de la sant\u00e9 et du bien-\u00eatre","publisher":{"@id":"https:\/\/www.lacooperativewelcoop.com\/#organization"},"potentialAction":[{"@type":"SearchAction","target":{"@type":"EntryPoint","urlTemplate":"https:\/\/www.lacooperativewelcoop.com\/?s={search_term_string}"},"query-input":{"@type":"PropertyValueSpecification","valueRequired":true,"valueName":"search_term_string"}}],"inLanguage":"en-US"},{"@type":"Organization","@id":"https:\/\/www.lacooperativewelcoop.com\/#organization","name":"La Coop\u00e9rative Welcoop","url":"https:\/\/www.lacooperativewelcoop.com\/","logo":{"@type":"ImageObject","inLanguage":"en-US","@id":"https:\/\/www.lacooperativewelcoop.com\/#\/schema\/logo\/image\/","url":"https:\/\/www.lacooperativewelcoop.com\/wp-content\/uploads\/2019\/08\/logo@2x.png","contentUrl":"https:\/\/www.lacooperativewelcoop.com\/wp-content\/uploads\/2019\/08\/logo@2x.png","width":400,"height":218,"caption":"La Coop\u00e9rative Welcoop"},"image":{"@id":"https:\/\/www.lacooperativewelcoop.com\/#\/schema\/logo\/image\/"},"sameAs":["https:\/\/www.facebook.com\/lacooperativewelcoop","https:\/\/x.com\/LaCoopWelcoop","https:\/\/www.instagram.com\/lacooperativewelcoop\/","https:\/\/www.linkedin.com\/company\/la-cooperative-welcoop\/","https:\/\/www.youtube.com\/playlist?list=PLgsP06JS6FdCOQzquwK_JyDt9fl52quMf"]},{"@type":"Person","@id":"https:\/\/www.lacooperativewelcoop.com\/#\/schema\/person\/5e6238fcde6c4ea20547ecfcf77c5dda","name":"Florence LECRIVAIN","image":{"@type":"ImageObject","inLanguage":"en-US","@id":"https:\/\/secure.gravatar.com\/avatar\/323619a38d69c8e2435fa136fda8324c33eaa92d6cfa16eb2d547974c67b2945?s=96&d=mm&r=g","url":"https:\/\/secure.gravatar.com\/avatar\/323619a38d69c8e2435fa136fda8324c33eaa92d6cfa16eb2d547974c67b2945?s=96&d=mm&r=g","contentUrl":"https:\/\/secure.gravatar.com\/avatar\/323619a38d69c8e2435fa136fda8324c33eaa92d6cfa16eb2d547974c67b2945?s=96&d=mm&r=g","caption":"Florence LECRIVAIN"}}]}},"_links":{"self":[{"href":"https:\/\/www.lacooperativewelcoop.com\/en\/wp-json\/wp\/v2\/posts\/19957","targetHints":{"allow":["GET"]}}],"collection":[{"href":"https:\/\/www.lacooperativewelcoop.com\/en\/wp-json\/wp\/v2\/posts"}],"about":[{"href":"https:\/\/www.lacooperativewelcoop.com\/en\/wp-json\/wp\/v2\/types\/post"}],"author":[{"embeddable":true,"href":"https:\/\/www.lacooperativewelcoop.com\/en\/wp-json\/wp\/v2\/users\/12"}],"replies":[{"embeddable":true,"href":"https:\/\/www.lacooperativewelcoop.com\/en\/wp-json\/wp\/v2\/comments?post=19957"}],"version-history":[{"count":12,"href":"https:\/\/www.lacooperativewelcoop.com\/en\/wp-json\/wp\/v2\/posts\/19957\/revisions"}],"predecessor-version":[{"id":19985,"href":"https:\/\/www.lacooperativewelcoop.com\/en\/wp-json\/wp\/v2\/posts\/19957\/revisions\/19985"}],"wp:featuredmedia":[{"embeddable":true,"href":"https:\/\/www.lacooperativewelcoop.com\/en\/wp-json\/wp\/v2\/media\/19959"}],"wp:attachment":[{"href":"https:\/\/www.lacooperativewelcoop.com\/en\/wp-json\/wp\/v2\/media?parent=19957"}],"wp:term":[{"taxonomy":"category","embeddable":true,"href":"https:\/\/www.lacooperativewelcoop.com\/en\/wp-json\/wp\/v2\/categories?post=19957"},{"taxonomy":"post_tag","embeddable":true,"href":"https:\/\/www.lacooperativewelcoop.com\/en\/wp-json\/wp\/v2\/tags?post=19957"}],"curies":[{"name":"wp","href":"https:\/\/api.w.org\/{rel}","templated":true}]}}