{"id":20086,"date":"2025-01-14T16:47:42","date_gmt":"2025-01-14T15:47:42","guid":{"rendered":"https:\/\/www.lacooperativewelcoop.com\/?p=20086"},"modified":"2025-01-14T16:47:44","modified_gmt":"2025-01-14T15:47:44","slug":"welcoop-generation","status":"publish","type":"post","link":"https:\/\/www.lacooperativewelcoop.com\/en\/blog\/welcoop-generation\/","title":{"rendered":"Welcoop G\u00e9n\u00e9ration : un accompagnement global pour les pharmaciens"},"content":{"rendered":"<p class=\"lead text-primary\">Ce programme de La Coop\u00e9rative Welcoop soutient les pharmaciens d\u00e8s leurs \u00e9tudes jusqu&#8217;\u00e0 la cession de leur officine. Il s\u2019appuie sur la multiplicit\u00e9 des expertises de La Coop\u00e9rative, en particulier sa filiale Pharm\u2019Access, sp\u00e9cialiste du conseil et de la transaction d\u2019officines. Il vise \u00e0 offrir un soutien complet aux pharmaciens dans toutes les composantes de leur m\u00e9tier, tout en pr\u00e9servant leur ind\u00e9pendance.<\/p>\n\n\n<h2 class=\"wp-block-heading has-large-font-size\">D\u00e9but de l\u2019aventure : se lancer en toute confiance<\/h2>\n\n\n\n<p>Les \u00e9tudiants en pharmacie trouvent dans <strong>Welcoop G\u00e9n\u00e9ration <\/strong>les ressources n\u00e9cessaires pour d\u00e9buter leur carri\u00e8re sereinement tout en cultivant l&#8217;esprit entrepreneurial. Nous leur proposons :<\/p>\n\n\n\n<ul class=\"wp-block-list\">\n<li>Un <strong>mentorat sur l\u2019installation<\/strong>,<\/li>\n\n\n\n<li>Des <strong>formations en gestion et management<\/strong> via Welcoop Academy,<\/li>\n\n\n\n<li>La d\u00e9couverte des <strong>enjeux digitaux<\/strong> et des outils informatiques sp\u00e9cifiques \u00e0 l\u2019officine,<\/li>\n\n\n\n<li>Des ateliers d\u2019<strong>anticipation pour comprendre les mutations du m\u00e9tier<\/strong>.<\/li>\n<\/ul>\n\n\n\n<h2 class=\"wp-block-heading has-large-font-size\">Une installation accomplie : s\u00e9curiser ses premiers pas<\/h2>\n\n\n\n<p>Le programme accompagne les primo-installants avec des services d\u00e9di\u00e9s :<\/p>\n\n\n\n<ul class=\"wp-block-list\">\n<li>Formation et <strong>coaching personnalis\u00e9<\/strong> pour structurer votre projet,<\/li>\n\n\n\n<li>D\u00e9tection d\u2019<strong>opportunit\u00e9s d\u2019achat\/reprise<\/strong>,<\/li>\n\n\n\n<li><strong>Welcoop&#8217;Install<\/strong>, une offre exclusive d\u00e8s 40 000\u20ac d\u2019apport personnel,<\/li>\n\n\n\n<li>Une garantie d\u2019<strong>installation r\u00e9ussie et s\u00e9curis\u00e9e<\/strong> pour d\u00e9marrer sereinement.<\/li>\n<\/ul>\n\n\n\n<figure class=\"wp-block-image size-full is-resized\"><img loading=\"lazy\" decoding=\"async\" width=\"753\" height=\"177\" src=\"https:\/\/www.lacooperativewelcoop.com\/wp-content\/uploads\/2025\/01\/Offre-Welcoop-Install.png\" alt=\"Offre Welcoop Install\" class=\"wp-image-20188\" style=\"width:511px;height:auto\" srcset=\"https:\/\/www.lacooperativewelcoop.com\/wp-content\/uploads\/2025\/01\/Offre-Welcoop-Install.png 753w, https:\/\/www.lacooperativewelcoop.com\/wp-content\/uploads\/2025\/01\/Offre-Welcoop-Install-445x105.png 445w, https:\/\/www.lacooperativewelcoop.com\/wp-content\/uploads\/2025\/01\/Offre-Welcoop-Install-330x78.png 330w, https:\/\/www.lacooperativewelcoop.com\/wp-content\/uploads\/2025\/01\/Offre-Welcoop-Install-379x89.png 379w\" sizes=\"auto, (max-width: 753px) 100vw, 753px\" \/><\/figure>\n\n\n\n<h2 class=\"wp-block-heading has-large-font-size\">Chemin de la collaboration : optimiser la performance<\/h2>\n\n\n\n<p>Une fois install\u00e9s, les pharmaciens renforcent la gestion de leur officine gr\u00e2ce \u00e0 un panel de conseils, d&#8217;expertises et de produits :<\/p>\n\n\n\n<ul class=\"wp-block-list\">\n<li>Des solutions de <strong>gestion financi\u00e8re<\/strong> et clients,<\/li>\n\n\n\n<li>Des offres en <strong>digitalisation<\/strong>, merchandising et centrale d&#8217;achats,<\/li>\n\n\n\n<li>Des <strong>produits innovants<\/strong>, allant des m\u00e9dicaments g\u00e9n\u00e9riques aux dispositifs m\u00e9dicaux.<\/li>\n<\/ul>\n\n\n\n<h2 class=\"wp-block-heading has-large-font-size\">Investir dans l\u2019avenir : d\u00e9velopper de nouvelles perspectives<\/h2>\n\n\n\n<p>Pour aller plus loin dans le d\u00e9veloppement de l&#8217;officine, Welcoop G\u00e9n\u00e9ration ouvre des voies de croissance avec un accompagnement d\u00e9di\u00e9 pour :<\/p>\n\n\n\n<ul class=\"wp-block-list\">\n<li>Des <strong>investissements<\/strong> dans d\u2019autres officines ou des associations entre confr\u00e8res,<\/li>\n\n\n\n<li>Des projets d\u2019<strong>agrandissement et de modernisation<\/strong>, comme la robotisation et l\u2019IA,<\/li>\n\n\n\n<li>Des initiatives pour <strong>optimiser le point de vente ou en transf\u00e9rer l\u2019emplacement<\/strong>.<\/li>\n<\/ul>\n\n\n\n<h2 class=\"wp-block-heading has-large-font-size\">Nouveaux horizons : collaborer pour le futur<\/h2>\n\n\n\n<p>L&#8217;interprofessionnalit\u00e9 ouvre de nouvelles opportunit\u00e9s en collaboration avec tous les professionnels de sant\u00e9 :<\/p>\n\n\n\n<ul class=\"wp-block-list\">\n<li>D\u00e9velopper des <strong>MSP, CPTS ou maisons m\u00e9dicales<\/strong>,<\/li>\n\n\n\n<li>Am\u00e9liorer le <strong>parcours de soin coordonn\u00e9 du patient<\/strong>,<\/li>\n\n\n\n<li>Apporter des <strong>solutions aux EHPAD et \u00e0 l\u2019HAD<\/strong> (hospitalisation \u00e0 domicile).<\/li>\n<\/ul>\n\n\n\n<h2 class=\"wp-block-heading has-large-font-size\">Nouveaux d\u00e9parts : une transmission sereine<\/h2>\n\n\n\n<p>Pr\u00e9parer la fin de carri\u00e8re est essentiel, et Welcoop G\u00e9n\u00e9ration propose :<\/p>\n\n\n\n<ul class=\"wp-block-list\">\n<li>Une <strong>d\u00e9tection de repreneurs<\/strong> pour garantir une cession r\u00e9ussie,<\/li>\n\n\n\n<li>Un <strong>plan retraite<\/strong> et la <strong>s\u00e9curisation du patrimoine<\/strong>,<\/li>\n\n\n\n<li>Un <strong>mentoring transg\u00e9n\u00e9rationnel<\/strong> pour transmettre savoir et valeurs.<\/li>\n<\/ul>\n\n\n\n<h2 class=\"wp-block-heading has-large-font-size\">Un mod\u00e8le coop\u00e9ratif durable et innovant<\/h2>\n\n\n\n<p>Welcoop G\u00e9n\u00e9ration s\u2019appuie sur les valeurs fondamentales de <strong>La Coop\u00e9rative Welcoop<\/strong> : expertise, proximit\u00e9, anticipation et optimisme. Ce mod\u00e8le unique favorise l\u2019ind\u00e9pendance des officines et garantit des solutions durables et performantes, au service des pharmaciens et du syst\u00e8me de sant\u00e9.<\/p>\n\n\n\n<p>Avec <strong>Welcoop G\u00e9n\u00e9ration<\/strong>, pr\u00e9parons ensemble les d\u00e9fis de demain !<\/p>\n\n\n\n<p>&#x1f310; Pour en savoir plus, d\u00e9couvrez notre <a href=\"https:\/\/www.lacooperativewelcoop.com\/wp-content\/uploads\/2025\/01\/241202_Communique-de-presse_Welcoop-Generation.pdf\" target=\"_blank\" rel=\"noreferrer noopener\">Communiqu\u00e9 de presse<\/a> et <a href=\"https:\/\/www.lacooperativewelcoop.com\/wp-content\/uploads\/2024\/10\/Welcoop_Generation-Plaquette_10_2024.pdf\" target=\"_blank\" rel=\"noreferrer noopener\">notre plaquette<\/a>.<\/p>\n\n\n<div class=\"wp-block-image\">\n<figure class=\"alignleft size-full is-resized\"><a href=\"https:\/\/www.lacooperativewelcoop.com\/wp-content\/uploads\/2025\/01\/241202_Communique-de-presse_Welcoop-Generation.pdf\" target=\"_blank\" rel=\" noreferrer noopener\"><img loading=\"lazy\" decoding=\"async\" width=\"622\" height=\"856\" src=\"https:\/\/www.lacooperativewelcoop.com\/wp-content\/uploads\/2025\/01\/CP-Welcoop-Generation.png\" alt=\"\" class=\"wp-image-20141\" style=\"width:277px;height:auto\" srcset=\"https:\/\/www.lacooperativewelcoop.com\/wp-content\/uploads\/2025\/01\/CP-Welcoop-Generation.png 622w, https:\/\/www.lacooperativewelcoop.com\/wp-content\/uploads\/2025\/01\/CP-Welcoop-Generation-445x612.png 445w, https:\/\/www.lacooperativewelcoop.com\/wp-content\/uploads\/2025\/01\/CP-Welcoop-Generation-330x454.png 330w, https:\/\/www.lacooperativewelcoop.com\/wp-content\/uploads\/2025\/01\/CP-Welcoop-Generation-225x309.png 225w\" sizes=\"auto, (max-width: 622px) 100vw, 622px\" \/><\/a><\/figure>\n<\/div>\n\n\n<figure class=\"wp-block-image size-full is-resized\"><a href=\"https:\/\/www.lacooperativewelcoop.com\/wp-content\/uploads\/2024\/10\/Welcoop_Generation-Plaquette_10_2024.pdf\" target=\"_blank\" rel=\" noreferrer noopener\"><img loading=\"lazy\" decoding=\"async\" width=\"640\" height=\"907\" src=\"https:\/\/www.lacooperativewelcoop.com\/wp-content\/uploads\/2025\/01\/Plaquette-Welcoop-Generation4.png\" alt=\"Plaquette Welcoop G\u00e9n\u00e9ration\" class=\"wp-image-20190\" style=\"width:254px;height:auto\" srcset=\"https:\/\/www.lacooperativewelcoop.com\/wp-content\/uploads\/2025\/01\/Plaquette-Welcoop-Generation4.png 640w, https:\/\/www.lacooperativewelcoop.com\/wp-content\/uploads\/2025\/01\/Plaquette-Welcoop-Generation4-445x631.png 445w, https:\/\/www.lacooperativewelcoop.com\/wp-content\/uploads\/2025\/01\/Plaquette-Welcoop-Generation4-330x468.png 330w, https:\/\/www.lacooperativewelcoop.com\/wp-content\/uploads\/2025\/01\/Plaquette-Welcoop-Generation4-218x309.png 218w\" sizes=\"auto, (max-width: 640px) 100vw, 640px\" \/><\/a><\/figure>\n","protected":false},"excerpt":{"rendered":"<p>D\u00e9but de l\u2019aventure : se lancer en toute confiance Les \u00e9tudiants en pharmacie trouvent dans Welcoop G\u00e9n\u00e9ration les ressources n\u00e9cessaires pour d\u00e9buter leur carri\u00e8re sereinement&#8230;<\/p>\n","protected":false},"author":12,"featured_media":20139,"comment_status":"closed","ping_status":"closed","sticky":false,"template":"","format":"standard","meta":{"_acf_changed":false,"footnotes":""},"categories":[86,8],"tags":[],"class_list":["post-20086","post","type-post","status-publish","format-standard","has-post-thumbnail","hentry","category-actualites","category-pharmacien"],"acf":[],"yoast_head":"<!-- This site is optimized with the Yoast SEO plugin v27.3 - https:\/\/yoast.com\/product\/yoast-seo-wordpress\/ -->\n<title>Welcoop G\u00e9n\u00e9ration : un accompagnement global pour les pharmaciens - La Coop\u00e9rative Welcoop<\/title>\n<meta name=\"description\" content=\"Welcoop G\u00e9n\u00e9ration accompagne les pharmaciens avec des solutions adapt\u00e9es tout au long de leur vie professionnelle.\" \/>\n<meta name=\"robots\" content=\"index, follow, max-snippet:-1, max-image-preview:large, max-video-preview:-1\" \/>\n<link rel=\"canonical\" href=\"https:\/\/www.lacooperativewelcoop.com\/blog\/welcoop-generation\/\" \/>\n<meta property=\"og:locale\" content=\"en_US\" \/>\n<meta property=\"og:type\" content=\"article\" \/>\n<meta property=\"og:title\" content=\"Welcoop G\u00e9n\u00e9ration : un accompagnement global pour les pharmaciens - La Coop\u00e9rative Welcoop\" \/>\n<meta property=\"og:description\" content=\"Welcoop G\u00e9n\u00e9ration accompagne les pharmaciens avec des solutions adapt\u00e9es tout au long de leur vie professionnelle.\" \/>\n<meta property=\"og:url\" content=\"https:\/\/www.lacooperativewelcoop.com\/blog\/welcoop-generation\/\" \/>\n<meta property=\"og:site_name\" content=\"La Coop\u00e9rative Welcoop\" \/>\n<meta property=\"article:publisher\" content=\"https:\/\/www.facebook.com\/lacooperativewelcoop\" \/>\n<meta property=\"article:published_time\" content=\"2025-01-14T15:47:42+00:00\" \/>\n<meta property=\"article:modified_time\" content=\"2025-01-14T15:47:44+00:00\" \/>\n<meta property=\"og:image\" content=\"https:\/\/www.lacooperativewelcoop.com\/wp-content\/uploads\/2025\/01\/Design-sans-titre-1.png\" \/>\n\t<meta property=\"og:image:width\" content=\"1280\" \/>\n\t<meta property=\"og:image:height\" content=\"720\" \/>\n\t<meta property=\"og:image:type\" content=\"image\/png\" \/>\n<meta name=\"author\" content=\"Florence LECRIVAIN\" \/>\n<meta name=\"twitter:card\" content=\"summary_large_image\" \/>\n<meta name=\"twitter:creator\" content=\"@LaCoopWelcoop\" \/>\n<meta name=\"twitter:site\" content=\"@LaCoopWelcoop\" \/>\n<meta name=\"twitter:label1\" content=\"Written by\" \/>\n\t<meta name=\"twitter:data1\" content=\"Florence LECRIVAIN\" \/>\n\t<meta name=\"twitter:label2\" content=\"Est. reading time\" \/>\n\t<meta name=\"twitter:data2\" content=\"2 minutes\" \/>\n<script type=\"application\/ld+json\" class=\"yoast-schema-graph\">{\"@context\":\"https:\\\/\\\/schema.org\",\"@graph\":[{\"@type\":\"Article\",\"@id\":\"https:\\\/\\\/www.lacooperativewelcoop.com\\\/blog\\\/welcoop-generation\\\/#article\",\"isPartOf\":{\"@id\":\"https:\\\/\\\/www.lacooperativewelcoop.com\\\/blog\\\/welcoop-generation\\\/\"},\"author\":{\"name\":\"Florence LECRIVAIN\",\"@id\":\"https:\\\/\\\/www.lacooperativewelcoop.com\\\/#\\\/schema\\\/person\\\/5e6238fcde6c4ea20547ecfcf77c5dda\"},\"headline\":\"Welcoop G\u00e9n\u00e9ration : un accompagnement global pour les pharmaciens\",\"datePublished\":\"2025-01-14T15:47:42+00:00\",\"dateModified\":\"2025-01-14T15:47:44+00:00\",\"mainEntityOfPage\":{\"@id\":\"https:\\\/\\\/www.lacooperativewelcoop.com\\\/blog\\\/welcoop-generation\\\/\"},\"wordCount\":460,\"publisher\":{\"@id\":\"https:\\\/\\\/www.lacooperativewelcoop.com\\\/#organization\"},\"image\":{\"@id\":\"https:\\\/\\\/www.lacooperativewelcoop.com\\\/blog\\\/welcoop-generation\\\/#primaryimage\"},\"thumbnailUrl\":\"https:\\\/\\\/www.lacooperativewelcoop.com\\\/wp-content\\\/uploads\\\/2025\\\/01\\\/Design-sans-titre-1.png\",\"articleSection\":[\"Actualit\u00e9s\",\"Pharmacien\"],\"inLanguage\":\"en-US\"},{\"@type\":\"WebPage\",\"@id\":\"https:\\\/\\\/www.lacooperativewelcoop.com\\\/blog\\\/welcoop-generation\\\/\",\"url\":\"https:\\\/\\\/www.lacooperativewelcoop.com\\\/blog\\\/welcoop-generation\\\/\",\"name\":\"Welcoop G\u00e9n\u00e9ration : un accompagnement global pour les pharmaciens - La Coop\u00e9rative Welcoop\",\"isPartOf\":{\"@id\":\"https:\\\/\\\/www.lacooperativewelcoop.com\\\/#website\"},\"primaryImageOfPage\":{\"@id\":\"https:\\\/\\\/www.lacooperativewelcoop.com\\\/blog\\\/welcoop-generation\\\/#primaryimage\"},\"image\":{\"@id\":\"https:\\\/\\\/www.lacooperativewelcoop.com\\\/blog\\\/welcoop-generation\\\/#primaryimage\"},\"thumbnailUrl\":\"https:\\\/\\\/www.lacooperativewelcoop.com\\\/wp-content\\\/uploads\\\/2025\\\/01\\\/Design-sans-titre-1.png\",\"datePublished\":\"2025-01-14T15:47:42+00:00\",\"dateModified\":\"2025-01-14T15:47:44+00:00\",\"description\":\"Welcoop G\u00e9n\u00e9ration accompagne les pharmaciens avec des solutions adapt\u00e9es tout au long de leur vie professionnelle.\",\"breadcrumb\":{\"@id\":\"https:\\\/\\\/www.lacooperativewelcoop.com\\\/blog\\\/welcoop-generation\\\/#breadcrumb\"},\"inLanguage\":\"en-US\",\"potentialAction\":[{\"@type\":\"ReadAction\",\"target\":[\"https:\\\/\\\/www.lacooperativewelcoop.com\\\/blog\\\/welcoop-generation\\\/\"]}]},{\"@type\":\"ImageObject\",\"inLanguage\":\"en-US\",\"@id\":\"https:\\\/\\\/www.lacooperativewelcoop.com\\\/blog\\\/welcoop-generation\\\/#primaryimage\",\"url\":\"https:\\\/\\\/www.lacooperativewelcoop.com\\\/wp-content\\\/uploads\\\/2025\\\/01\\\/Design-sans-titre-1.png\",\"contentUrl\":\"https:\\\/\\\/www.lacooperativewelcoop.com\\\/wp-content\\\/uploads\\\/2025\\\/01\\\/Design-sans-titre-1.png\",\"width\":1280,\"height\":720,\"caption\":\"La Coop\u00e9rative Welcoop lance Welcoop G\u00e9n\u00e9ration, un programme d\u2019accompagnement des pharmaciens d\u2019officine \u00e0 chaque \u00e9tape de leur carri\u00e8re\"},{\"@type\":\"BreadcrumbList\",\"@id\":\"https:\\\/\\\/www.lacooperativewelcoop.com\\\/blog\\\/welcoop-generation\\\/#breadcrumb\",\"itemListElement\":[{\"@type\":\"ListItem\",\"position\":1,\"name\":\"Accueil\",\"item\":\"https:\\\/\\\/www.lacooperativewelcoop.com\\\/en\\\/\"},{\"@type\":\"ListItem\",\"position\":2,\"name\":\"Welcoop G\u00e9n\u00e9ration : un accompagnement global pour les pharmaciens\"}]},{\"@type\":\"WebSite\",\"@id\":\"https:\\\/\\\/www.lacooperativewelcoop.com\\\/#website\",\"url\":\"https:\\\/\\\/www.lacooperativewelcoop.com\\\/\",\"name\":\"La Coop\u00e9rative Welcoop\",\"description\":\"Citoyens de la sant\u00e9 et du bien-\u00eatre\",\"publisher\":{\"@id\":\"https:\\\/\\\/www.lacooperativewelcoop.com\\\/#organization\"},\"potentialAction\":[{\"@type\":\"SearchAction\",\"target\":{\"@type\":\"EntryPoint\",\"urlTemplate\":\"https:\\\/\\\/www.lacooperativewelcoop.com\\\/?s={search_term_string}\"},\"query-input\":{\"@type\":\"PropertyValueSpecification\",\"valueRequired\":true,\"valueName\":\"search_term_string\"}}],\"inLanguage\":\"en-US\"},{\"@type\":\"Organization\",\"@id\":\"https:\\\/\\\/www.lacooperativewelcoop.com\\\/#organization\",\"name\":\"La Coop\u00e9rative Welcoop\",\"url\":\"https:\\\/\\\/www.lacooperativewelcoop.com\\\/\",\"logo\":{\"@type\":\"ImageObject\",\"inLanguage\":\"en-US\",\"@id\":\"https:\\\/\\\/www.lacooperativewelcoop.com\\\/#\\\/schema\\\/logo\\\/image\\\/\",\"url\":\"https:\\\/\\\/www.lacooperativewelcoop.com\\\/wp-content\\\/uploads\\\/2019\\\/08\\\/logo@2x.png\",\"contentUrl\":\"https:\\\/\\\/www.lacooperativewelcoop.com\\\/wp-content\\\/uploads\\\/2019\\\/08\\\/logo@2x.png\",\"width\":400,\"height\":218,\"caption\":\"La Coop\u00e9rative Welcoop\"},\"image\":{\"@id\":\"https:\\\/\\\/www.lacooperativewelcoop.com\\\/#\\\/schema\\\/logo\\\/image\\\/\"},\"sameAs\":[\"https:\\\/\\\/www.facebook.com\\\/lacooperativewelcoop\",\"https:\\\/\\\/x.com\\\/LaCoopWelcoop\",\"https:\\\/\\\/www.instagram.com\\\/lacooperativewelcoop\\\/\",\"https:\\\/\\\/www.linkedin.com\\\/company\\\/la-cooperative-welcoop\\\/\",\"https:\\\/\\\/www.youtube.com\\\/playlist?list=PLgsP06JS6FdCOQzquwK_JyDt9fl52quMf\"]},{\"@type\":\"Person\",\"@id\":\"https:\\\/\\\/www.lacooperativewelcoop.com\\\/#\\\/schema\\\/person\\\/5e6238fcde6c4ea20547ecfcf77c5dda\",\"name\":\"Florence LECRIVAIN\",\"image\":{\"@type\":\"ImageObject\",\"inLanguage\":\"en-US\",\"@id\":\"https:\\\/\\\/secure.gravatar.com\\\/avatar\\\/323619a38d69c8e2435fa136fda8324c33eaa92d6cfa16eb2d547974c67b2945?s=96&d=mm&r=g\",\"url\":\"https:\\\/\\\/secure.gravatar.com\\\/avatar\\\/323619a38d69c8e2435fa136fda8324c33eaa92d6cfa16eb2d547974c67b2945?s=96&d=mm&r=g\",\"contentUrl\":\"https:\\\/\\\/secure.gravatar.com\\\/avatar\\\/323619a38d69c8e2435fa136fda8324c33eaa92d6cfa16eb2d547974c67b2945?s=96&d=mm&r=g\",\"caption\":\"Florence LECRIVAIN\"}}]}<\/script>\n<!-- \/ Yoast SEO plugin. -->","yoast_head_json":{"title":"Welcoop G\u00e9n\u00e9ration : un accompagnement global pour les pharmaciens - La Coop\u00e9rative Welcoop","description":"Welcoop G\u00e9n\u00e9ration accompagne les pharmaciens avec des solutions adapt\u00e9es tout au long de leur vie professionnelle.","robots":{"index":"index","follow":"follow","max-snippet":"max-snippet:-1","max-image-preview":"max-image-preview:large","max-video-preview":"max-video-preview:-1"},"canonical":"https:\/\/www.lacooperativewelcoop.com\/blog\/welcoop-generation\/","og_locale":"en_US","og_type":"article","og_title":"Welcoop G\u00e9n\u00e9ration : un accompagnement global pour les pharmaciens - La Coop\u00e9rative Welcoop","og_description":"Welcoop G\u00e9n\u00e9ration accompagne les pharmaciens avec des solutions adapt\u00e9es tout au long de leur vie professionnelle.","og_url":"https:\/\/www.lacooperativewelcoop.com\/blog\/welcoop-generation\/","og_site_name":"La Coop\u00e9rative Welcoop","article_publisher":"https:\/\/www.facebook.com\/lacooperativewelcoop","article_published_time":"2025-01-14T15:47:42+00:00","article_modified_time":"2025-01-14T15:47:44+00:00","og_image":[{"width":1280,"height":720,"url":"https:\/\/www.lacooperativewelcoop.com\/wp-content\/uploads\/2025\/01\/Design-sans-titre-1.png","type":"image\/png"}],"author":"Florence LECRIVAIN","twitter_card":"summary_large_image","twitter_creator":"@LaCoopWelcoop","twitter_site":"@LaCoopWelcoop","twitter_misc":{"Written by":"Florence LECRIVAIN","Est. reading time":"2 minutes"},"schema":{"@context":"https:\/\/schema.org","@graph":[{"@type":"Article","@id":"https:\/\/www.lacooperativewelcoop.com\/blog\/welcoop-generation\/#article","isPartOf":{"@id":"https:\/\/www.lacooperativewelcoop.com\/blog\/welcoop-generation\/"},"author":{"name":"Florence LECRIVAIN","@id":"https:\/\/www.lacooperativewelcoop.com\/#\/schema\/person\/5e6238fcde6c4ea20547ecfcf77c5dda"},"headline":"Welcoop G\u00e9n\u00e9ration : un accompagnement global pour les pharmaciens","datePublished":"2025-01-14T15:47:42+00:00","dateModified":"2025-01-14T15:47:44+00:00","mainEntityOfPage":{"@id":"https:\/\/www.lacooperativewelcoop.com\/blog\/welcoop-generation\/"},"wordCount":460,"publisher":{"@id":"https:\/\/www.lacooperativewelcoop.com\/#organization"},"image":{"@id":"https:\/\/www.lacooperativewelcoop.com\/blog\/welcoop-generation\/#primaryimage"},"thumbnailUrl":"https:\/\/www.lacooperativewelcoop.com\/wp-content\/uploads\/2025\/01\/Design-sans-titre-1.png","articleSection":["Actualit\u00e9s","Pharmacien"],"inLanguage":"en-US"},{"@type":"WebPage","@id":"https:\/\/www.lacooperativewelcoop.com\/blog\/welcoop-generation\/","url":"https:\/\/www.lacooperativewelcoop.com\/blog\/welcoop-generation\/","name":"Welcoop G\u00e9n\u00e9ration : un accompagnement global pour les pharmaciens - La Coop\u00e9rative Welcoop","isPartOf":{"@id":"https:\/\/www.lacooperativewelcoop.com\/#website"},"primaryImageOfPage":{"@id":"https:\/\/www.lacooperativewelcoop.com\/blog\/welcoop-generation\/#primaryimage"},"image":{"@id":"https:\/\/www.lacooperativewelcoop.com\/blog\/welcoop-generation\/#primaryimage"},"thumbnailUrl":"https:\/\/www.lacooperativewelcoop.com\/wp-content\/uploads\/2025\/01\/Design-sans-titre-1.png","datePublished":"2025-01-14T15:47:42+00:00","dateModified":"2025-01-14T15:47:44+00:00","description":"Welcoop G\u00e9n\u00e9ration accompagne les pharmaciens avec des solutions adapt\u00e9es tout au long de leur vie professionnelle.","breadcrumb":{"@id":"https:\/\/www.lacooperativewelcoop.com\/blog\/welcoop-generation\/#breadcrumb"},"inLanguage":"en-US","potentialAction":[{"@type":"ReadAction","target":["https:\/\/www.lacooperativewelcoop.com\/blog\/welcoop-generation\/"]}]},{"@type":"ImageObject","inLanguage":"en-US","@id":"https:\/\/www.lacooperativewelcoop.com\/blog\/welcoop-generation\/#primaryimage","url":"https:\/\/www.lacooperativewelcoop.com\/wp-content\/uploads\/2025\/01\/Design-sans-titre-1.png","contentUrl":"https:\/\/www.lacooperativewelcoop.com\/wp-content\/uploads\/2025\/01\/Design-sans-titre-1.png","width":1280,"height":720,"caption":"La Coop\u00e9rative Welcoop lance Welcoop G\u00e9n\u00e9ration, un programme d\u2019accompagnement des pharmaciens d\u2019officine \u00e0 chaque \u00e9tape de leur carri\u00e8re"},{"@type":"BreadcrumbList","@id":"https:\/\/www.lacooperativewelcoop.com\/blog\/welcoop-generation\/#breadcrumb","itemListElement":[{"@type":"ListItem","position":1,"name":"Accueil","item":"https:\/\/www.lacooperativewelcoop.com\/en\/"},{"@type":"ListItem","position":2,"name":"Welcoop G\u00e9n\u00e9ration : un accompagnement global pour les pharmaciens"}]},{"@type":"WebSite","@id":"https:\/\/www.lacooperativewelcoop.com\/#website","url":"https:\/\/www.lacooperativewelcoop.com\/","name":"La Coop\u00e9rative Welcoop","description":"Citoyens de la sant\u00e9 et du bien-\u00eatre","publisher":{"@id":"https:\/\/www.lacooperativewelcoop.com\/#organization"},"potentialAction":[{"@type":"SearchAction","target":{"@type":"EntryPoint","urlTemplate":"https:\/\/www.lacooperativewelcoop.com\/?s={search_term_string}"},"query-input":{"@type":"PropertyValueSpecification","valueRequired":true,"valueName":"search_term_string"}}],"inLanguage":"en-US"},{"@type":"Organization","@id":"https:\/\/www.lacooperativewelcoop.com\/#organization","name":"La Coop\u00e9rative Welcoop","url":"https:\/\/www.lacooperativewelcoop.com\/","logo":{"@type":"ImageObject","inLanguage":"en-US","@id":"https:\/\/www.lacooperativewelcoop.com\/#\/schema\/logo\/image\/","url":"https:\/\/www.lacooperativewelcoop.com\/wp-content\/uploads\/2019\/08\/logo@2x.png","contentUrl":"https:\/\/www.lacooperativewelcoop.com\/wp-content\/uploads\/2019\/08\/logo@2x.png","width":400,"height":218,"caption":"La Coop\u00e9rative Welcoop"},"image":{"@id":"https:\/\/www.lacooperativewelcoop.com\/#\/schema\/logo\/image\/"},"sameAs":["https:\/\/www.facebook.com\/lacooperativewelcoop","https:\/\/x.com\/LaCoopWelcoop","https:\/\/www.instagram.com\/lacooperativewelcoop\/","https:\/\/www.linkedin.com\/company\/la-cooperative-welcoop\/","https:\/\/www.youtube.com\/playlist?list=PLgsP06JS6FdCOQzquwK_JyDt9fl52quMf"]},{"@type":"Person","@id":"https:\/\/www.lacooperativewelcoop.com\/#\/schema\/person\/5e6238fcde6c4ea20547ecfcf77c5dda","name":"Florence LECRIVAIN","image":{"@type":"ImageObject","inLanguage":"en-US","@id":"https:\/\/secure.gravatar.com\/avatar\/323619a38d69c8e2435fa136fda8324c33eaa92d6cfa16eb2d547974c67b2945?s=96&d=mm&r=g","url":"https:\/\/secure.gravatar.com\/avatar\/323619a38d69c8e2435fa136fda8324c33eaa92d6cfa16eb2d547974c67b2945?s=96&d=mm&r=g","contentUrl":"https:\/\/secure.gravatar.com\/avatar\/323619a38d69c8e2435fa136fda8324c33eaa92d6cfa16eb2d547974c67b2945?s=96&d=mm&r=g","caption":"Florence LECRIVAIN"}}]}},"_links":{"self":[{"href":"https:\/\/www.lacooperativewelcoop.com\/en\/wp-json\/wp\/v2\/posts\/20086","targetHints":{"allow":["GET"]}}],"collection":[{"href":"https:\/\/www.lacooperativewelcoop.com\/en\/wp-json\/wp\/v2\/posts"}],"about":[{"href":"https:\/\/www.lacooperativewelcoop.com\/en\/wp-json\/wp\/v2\/types\/post"}],"author":[{"embeddable":true,"href":"https:\/\/www.lacooperativewelcoop.com\/en\/wp-json\/wp\/v2\/users\/12"}],"replies":[{"embeddable":true,"href":"https:\/\/www.lacooperativewelcoop.com\/en\/wp-json\/wp\/v2\/comments?post=20086"}],"version-history":[{"count":16,"href":"https:\/\/www.lacooperativewelcoop.com\/en\/wp-json\/wp\/v2\/posts\/20086\/revisions"}],"predecessor-version":[{"id":20196,"href":"https:\/\/www.lacooperativewelcoop.com\/en\/wp-json\/wp\/v2\/posts\/20086\/revisions\/20196"}],"wp:featuredmedia":[{"embeddable":true,"href":"https:\/\/www.lacooperativewelcoop.com\/en\/wp-json\/wp\/v2\/media\/20139"}],"wp:attachment":[{"href":"https:\/\/www.lacooperativewelcoop.com\/en\/wp-json\/wp\/v2\/media?parent=20086"}],"wp:term":[{"taxonomy":"category","embeddable":true,"href":"https:\/\/www.lacooperativewelcoop.com\/en\/wp-json\/wp\/v2\/categories?post=20086"},{"taxonomy":"post_tag","embeddable":true,"href":"https:\/\/www.lacooperativewelcoop.com\/en\/wp-json\/wp\/v2\/tags?post=20086"}],"curies":[{"name":"wp","href":"https:\/\/api.w.org\/{rel}","templated":true}]}}