{"id":20309,"date":"2024-11-25T10:23:00","date_gmt":"2024-11-25T09:23:00","guid":{"rendered":"https:\/\/www.lacooperativewelcoop.com\/?p=20309"},"modified":"2025-02-06T16:29:02","modified_gmt":"2025-02-06T15:29:02","slug":"seeph-2024","status":"publish","type":"post","link":"https:\/\/www.lacooperativewelcoop.com\/en\/blog\/seeph-2024\/","title":{"rendered":"Retour sur la SEEPH 2024"},"content":{"rendered":"\n<p><\/p>\n\n\n<p class=\"lead text-primary\">Chaque ann\u00e9e, la SEEPH repr\u00e9sente une occasion unique de sensibiliser, d\u2019\u00e9changer et d\u2019agir en faveur de l\u2019inclusion dans le monde professionnel. En 2024, La Coop\u00e9rative Welcoop a une nouvelle fois pris part \u00e0 cet \u00e9v\u00e9nement majeur, mettant en avant des initiatives concr\u00e8tes pour promouvoir la diversit\u00e9 et cr\u00e9er un environnement de travail toujours plus inclusif.<\/p>\n\n\n<h2 class=\"wp-block-heading has-medium-font-size\">Une semaine riche en \u00e9changes et apprentissages<\/h2>\n\n\n\n<p>Pour cette deuxi\u00e8me participation \u00e0 la SEEPH (Semaine Europ\u00e9enne pour l\u2019Emploi des Personnes Handicap\u00e9es), La Coop\u00e9rative a organis\u00e9 une vari\u00e9t\u00e9 d\u2019activit\u00e9s destin\u00e9es \u00e0 sensibiliser ses collaborateurs aux diff\u00e9rentes facettes du handicap et de l\u2019inclusion :<\/p>\n\n\n\n<ul class=\"wp-block-list\">\n<li><strong>&#x1faf2; Initiation \u00e0 la langue des signes :<\/strong> une activit\u00e9 ludique et \u00e9ducative pour d\u00e9couvrir les bases de la communication non verbale.<\/li>\n\n\n\n<li><strong>&#x1f4a1; Webinaires th\u00e9matiques :<\/strong>\n<ul class=\"wp-block-list\">\n<li><strong>Reconnaissance de la Qualit\u00e9 de Travailleur Handicap\u00e9 (RQTH) :<\/strong> une session d\u2019information pour mieux comprendre le dispositif et ses avantages.<\/li>\n\n\n\n<li><strong>T\u00e9moignages de champions :<\/strong> Dimitri Jozwicki et Alexandre Lloveras, membres de la Team Welcoop, ont partag\u00e9 leur exp\u00e9rience unique aux Jeux Paralympiques, inspirant les participants par leur d\u00e9termination.<\/li>\n\n\n\n<li><strong>Focus sur les troubles DYS :<\/strong> une intervention pour mieux appr\u00e9hender et accompagner les personnes touch\u00e9es par ces troubles.<\/li>\n\n\n\n<li><strong>Gestion des maladies chroniques en entreprise :<\/strong> une th\u00e9matique cruciale pour adapter l\u2019environnement professionnel aux besoins sp\u00e9cifiques.<\/li>\n<\/ul>\n<\/li>\n\n\n\n<li><strong>&#x1f3ae; Escape game sur l\u2019inclusion :<\/strong> cette exp\u00e9rience immersive a permis aux participants de mieux comprendre les enjeux du handicap tout en d\u00e9veloppant leur esprit d\u2019\u00e9quipe.<\/li>\n\n\n\n<li><strong>&#x1f3d3; Rencontre avec Guy Tisserant :<\/strong> l\u2019ancien para-athl\u00e8te et quadruple m\u00e9daill\u00e9 d\u2019or en tennis de table a partag\u00e9 son parcours inspirant, rappelant que la r\u00e9silience et la pers\u00e9v\u00e9rance peuvent transcender les obstacles.<\/li>\n\n\n\n<li><strong>&#x1f91d; DuoDay :<\/strong> en accueillant des personnes en situation de handicap dans ses diff\u00e9rentes \u00e9quipes (informatique, marketing, communication, accueil et l\u2019entit\u00e9 Kapelse), La Coop\u00e9rative a offert une exp\u00e9rience d\u2019immersion unique, favorisant l\u2019\u00e9change et le partage.<\/li>\n<\/ul>\n\n\n\n<h2 class=\"wp-block-heading has-medium-font-size\">Une mobilisation collective pour un avenir inclusif<\/h2>\n\n\n\n<p>L\u2019engagement des collaborateurs, des intervenants et des participants a \u00e9t\u00e9 d\u00e9terminant pour faire de cette semaine un v\u00e9ritable succ\u00e8s. Les \u00e9v\u00e9nements organis\u00e9s ont permis de <strong>sensibiliser <\/strong>et surtout d\u2019<strong>encourager des actions concr\u00e8tes<\/strong> en faveur d\u2019un environnement de travail o\u00f9 chacun peut s\u2019\u00e9panouir pleinement.<\/p>\n\n\n\n<h2 class=\"wp-block-heading has-medium-font-size\">Et maintenant ?<\/h2>\n\n\n\n<p>L\u2019inclusion n\u2019est pas qu\u2019une priorit\u00e9 annuelle, mais un engagement de chaque jour. En poursuivant ces initiatives et en intensifiant les efforts, La Coop\u00e9rative Welcoop contribue activement \u00e0 <strong>cr\u00e9er une culture d\u2019entreprise inclusive et bienveillante<\/strong>. Un grand merci \u00e0 toutes celles et ceux qui ont particip\u00e9 \u00e0 cet \u00e9v\u00e9nement et qui, par leur implication, font avancer la cause de l\u2019inclusion. Continuons \u00e0 construire un avenir o\u00f9 les diff\u00e9rences sont une force et une richesse collective.<\/p>\n\n\n\n<p>Pour revivre cette semaine en images, <a href=\"https:\/\/www.linkedin.com\/feed\/update\/urn:li:activity:7267568405690429440\" target=\"_blank\" rel=\"noreferrer noopener\">c\u2019est par ici<\/a>.<\/p>\n","protected":false},"excerpt":{"rendered":"<p>Une semaine riche en \u00e9changes et apprentissages Pour cette deuxi\u00e8me participation \u00e0 la SEEPH (Semaine Europ\u00e9enne pour l\u2019Emploi des Personnes Handicap\u00e9es), La Coop\u00e9rative a organis\u00e9&#8230;<\/p>\n","protected":false},"author":12,"featured_media":20316,"comment_status":"closed","ping_status":"closed","sticky":false,"template":"","format":"standard","meta":{"_acf_changed":false,"footnotes":""},"categories":[86,52,48],"tags":[],"class_list":["post-20309","post","type-post","status-publish","format-standard","has-post-thumbnail","hentry","category-actualites","category-collaborateurs","category-evenement"],"acf":[],"yoast_head":"<!-- This site is optimized with the Yoast SEO plugin v27.3 - https:\/\/yoast.com\/product\/yoast-seo-wordpress\/ -->\n<title>Retour sur la SEEPH 2024 - La Coop\u00e9rative Welcoop<\/title>\n<meta name=\"description\" content=\"D\u00e9couvrez les actions de La Coop\u00e9rative Welcoop pendant la SEEPH (Semaine Europ\u00e9enne pour l&#039;Emploi des Personnes Handicap\u00e9es) 2024.\" \/>\n<meta name=\"robots\" content=\"index, follow, max-snippet:-1, max-image-preview:large, max-video-preview:-1\" \/>\n<link rel=\"canonical\" href=\"https:\/\/www.lacooperativewelcoop.com\/blog\/seeph-2024\/\" \/>\n<meta property=\"og:locale\" content=\"en_US\" \/>\n<meta property=\"og:type\" content=\"article\" \/>\n<meta property=\"og:title\" content=\"Retour sur la SEEPH 2024 - La Coop\u00e9rative Welcoop\" \/>\n<meta property=\"og:description\" content=\"D\u00e9couvrez les actions de La Coop\u00e9rative Welcoop pendant la SEEPH (Semaine Europ\u00e9enne pour l&#039;Emploi des Personnes Handicap\u00e9es) 2024.\" \/>\n<meta property=\"og:url\" content=\"https:\/\/www.lacooperativewelcoop.com\/blog\/seeph-2024\/\" \/>\n<meta property=\"og:site_name\" content=\"La Coop\u00e9rative Welcoop\" \/>\n<meta property=\"article:publisher\" content=\"https:\/\/www.facebook.com\/lacooperativewelcoop\" \/>\n<meta property=\"article:published_time\" content=\"2024-11-25T09:23:00+00:00\" \/>\n<meta property=\"article:modified_time\" content=\"2025-02-06T15:29:02+00:00\" \/>\n<meta property=\"og:image\" content=\"https:\/\/www.lacooperativewelcoop.com\/wp-content\/uploads\/2025\/02\/SEEPH-2024-1.jpg\" \/>\n\t<meta property=\"og:image:width\" content=\"1200\" \/>\n\t<meta property=\"og:image:height\" content=\"675\" \/>\n\t<meta property=\"og:image:type\" content=\"image\/jpeg\" \/>\n<meta name=\"author\" content=\"Florence LECRIVAIN\" \/>\n<meta name=\"twitter:card\" content=\"summary_large_image\" \/>\n<meta name=\"twitter:creator\" content=\"@LaCoopWelcoop\" \/>\n<meta name=\"twitter:site\" content=\"@LaCoopWelcoop\" \/>\n<meta name=\"twitter:label1\" content=\"Written by\" \/>\n\t<meta name=\"twitter:data1\" content=\"Florence LECRIVAIN\" \/>\n\t<meta name=\"twitter:label2\" content=\"Est. reading time\" \/>\n\t<meta name=\"twitter:data2\" content=\"2 minutes\" \/>\n<script type=\"application\/ld+json\" class=\"yoast-schema-graph\">{\"@context\":\"https:\\\/\\\/schema.org\",\"@graph\":[{\"@type\":\"Article\",\"@id\":\"https:\\\/\\\/www.lacooperativewelcoop.com\\\/blog\\\/seeph-2024\\\/#article\",\"isPartOf\":{\"@id\":\"https:\\\/\\\/www.lacooperativewelcoop.com\\\/blog\\\/seeph-2024\\\/\"},\"author\":{\"name\":\"Florence LECRIVAIN\",\"@id\":\"https:\\\/\\\/www.lacooperativewelcoop.com\\\/#\\\/schema\\\/person\\\/5e6238fcde6c4ea20547ecfcf77c5dda\"},\"headline\":\"Retour sur la SEEPH 2024\",\"datePublished\":\"2024-11-25T09:23:00+00:00\",\"dateModified\":\"2025-02-06T15:29:02+00:00\",\"mainEntityOfPage\":{\"@id\":\"https:\\\/\\\/www.lacooperativewelcoop.com\\\/blog\\\/seeph-2024\\\/\"},\"wordCount\":435,\"publisher\":{\"@id\":\"https:\\\/\\\/www.lacooperativewelcoop.com\\\/#organization\"},\"image\":{\"@id\":\"https:\\\/\\\/www.lacooperativewelcoop.com\\\/blog\\\/seeph-2024\\\/#primaryimage\"},\"thumbnailUrl\":\"https:\\\/\\\/www.lacooperativewelcoop.com\\\/wp-content\\\/uploads\\\/2025\\\/02\\\/SEEPH-2024-1.jpg\",\"articleSection\":[\"Actualit\u00e9s\",\"Collaborateurs\",\"Ev\u00e8nement\"],\"inLanguage\":\"en-US\"},{\"@type\":\"WebPage\",\"@id\":\"https:\\\/\\\/www.lacooperativewelcoop.com\\\/blog\\\/seeph-2024\\\/\",\"url\":\"https:\\\/\\\/www.lacooperativewelcoop.com\\\/blog\\\/seeph-2024\\\/\",\"name\":\"Retour sur la SEEPH 2024 - La Coop\u00e9rative Welcoop\",\"isPartOf\":{\"@id\":\"https:\\\/\\\/www.lacooperativewelcoop.com\\\/#website\"},\"primaryImageOfPage\":{\"@id\":\"https:\\\/\\\/www.lacooperativewelcoop.com\\\/blog\\\/seeph-2024\\\/#primaryimage\"},\"image\":{\"@id\":\"https:\\\/\\\/www.lacooperativewelcoop.com\\\/blog\\\/seeph-2024\\\/#primaryimage\"},\"thumbnailUrl\":\"https:\\\/\\\/www.lacooperativewelcoop.com\\\/wp-content\\\/uploads\\\/2025\\\/02\\\/SEEPH-2024-1.jpg\",\"datePublished\":\"2024-11-25T09:23:00+00:00\",\"dateModified\":\"2025-02-06T15:29:02+00:00\",\"description\":\"D\u00e9couvrez les actions de La Coop\u00e9rative Welcoop pendant la SEEPH (Semaine Europ\u00e9enne pour l'Emploi des Personnes Handicap\u00e9es) 2024.\",\"breadcrumb\":{\"@id\":\"https:\\\/\\\/www.lacooperativewelcoop.com\\\/blog\\\/seeph-2024\\\/#breadcrumb\"},\"inLanguage\":\"en-US\",\"potentialAction\":[{\"@type\":\"ReadAction\",\"target\":[\"https:\\\/\\\/www.lacooperativewelcoop.com\\\/blog\\\/seeph-2024\\\/\"]}]},{\"@type\":\"ImageObject\",\"inLanguage\":\"en-US\",\"@id\":\"https:\\\/\\\/www.lacooperativewelcoop.com\\\/blog\\\/seeph-2024\\\/#primaryimage\",\"url\":\"https:\\\/\\\/www.lacooperativewelcoop.com\\\/wp-content\\\/uploads\\\/2025\\\/02\\\/SEEPH-2024-1.jpg\",\"contentUrl\":\"https:\\\/\\\/www.lacooperativewelcoop.com\\\/wp-content\\\/uploads\\\/2025\\\/02\\\/SEEPH-2024-1.jpg\",\"width\":1200,\"height\":675,\"caption\":\"SEEPH 2024\"},{\"@type\":\"BreadcrumbList\",\"@id\":\"https:\\\/\\\/www.lacooperativewelcoop.com\\\/blog\\\/seeph-2024\\\/#breadcrumb\",\"itemListElement\":[{\"@type\":\"ListItem\",\"position\":1,\"name\":\"Accueil\",\"item\":\"https:\\\/\\\/www.lacooperativewelcoop.com\\\/en\\\/\"},{\"@type\":\"ListItem\",\"position\":2,\"name\":\"Retour sur la SEEPH 2024\"}]},{\"@type\":\"WebSite\",\"@id\":\"https:\\\/\\\/www.lacooperativewelcoop.com\\\/#website\",\"url\":\"https:\\\/\\\/www.lacooperativewelcoop.com\\\/\",\"name\":\"La Coop\u00e9rative Welcoop\",\"description\":\"Citoyens de la sant\u00e9 et du bien-\u00eatre\",\"publisher\":{\"@id\":\"https:\\\/\\\/www.lacooperativewelcoop.com\\\/#organization\"},\"potentialAction\":[{\"@type\":\"SearchAction\",\"target\":{\"@type\":\"EntryPoint\",\"urlTemplate\":\"https:\\\/\\\/www.lacooperativewelcoop.com\\\/?s={search_term_string}\"},\"query-input\":{\"@type\":\"PropertyValueSpecification\",\"valueRequired\":true,\"valueName\":\"search_term_string\"}}],\"inLanguage\":\"en-US\"},{\"@type\":\"Organization\",\"@id\":\"https:\\\/\\\/www.lacooperativewelcoop.com\\\/#organization\",\"name\":\"La Coop\u00e9rative Welcoop\",\"url\":\"https:\\\/\\\/www.lacooperativewelcoop.com\\\/\",\"logo\":{\"@type\":\"ImageObject\",\"inLanguage\":\"en-US\",\"@id\":\"https:\\\/\\\/www.lacooperativewelcoop.com\\\/#\\\/schema\\\/logo\\\/image\\\/\",\"url\":\"https:\\\/\\\/www.lacooperativewelcoop.com\\\/wp-content\\\/uploads\\\/2019\\\/08\\\/logo@2x.png\",\"contentUrl\":\"https:\\\/\\\/www.lacooperativewelcoop.com\\\/wp-content\\\/uploads\\\/2019\\\/08\\\/logo@2x.png\",\"width\":400,\"height\":218,\"caption\":\"La Coop\u00e9rative Welcoop\"},\"image\":{\"@id\":\"https:\\\/\\\/www.lacooperativewelcoop.com\\\/#\\\/schema\\\/logo\\\/image\\\/\"},\"sameAs\":[\"https:\\\/\\\/www.facebook.com\\\/lacooperativewelcoop\",\"https:\\\/\\\/x.com\\\/LaCoopWelcoop\",\"https:\\\/\\\/www.instagram.com\\\/lacooperativewelcoop\\\/\",\"https:\\\/\\\/www.linkedin.com\\\/company\\\/la-cooperative-welcoop\\\/\",\"https:\\\/\\\/www.youtube.com\\\/playlist?list=PLgsP06JS6FdCOQzquwK_JyDt9fl52quMf\"]},{\"@type\":\"Person\",\"@id\":\"https:\\\/\\\/www.lacooperativewelcoop.com\\\/#\\\/schema\\\/person\\\/5e6238fcde6c4ea20547ecfcf77c5dda\",\"name\":\"Florence LECRIVAIN\",\"image\":{\"@type\":\"ImageObject\",\"inLanguage\":\"en-US\",\"@id\":\"https:\\\/\\\/secure.gravatar.com\\\/avatar\\\/323619a38d69c8e2435fa136fda8324c33eaa92d6cfa16eb2d547974c67b2945?s=96&d=mm&r=g\",\"url\":\"https:\\\/\\\/secure.gravatar.com\\\/avatar\\\/323619a38d69c8e2435fa136fda8324c33eaa92d6cfa16eb2d547974c67b2945?s=96&d=mm&r=g\",\"contentUrl\":\"https:\\\/\\\/secure.gravatar.com\\\/avatar\\\/323619a38d69c8e2435fa136fda8324c33eaa92d6cfa16eb2d547974c67b2945?s=96&d=mm&r=g\",\"caption\":\"Florence LECRIVAIN\"}}]}<\/script>\n<!-- \/ Yoast SEO plugin. -->","yoast_head_json":{"title":"Retour sur la SEEPH 2024 - La Coop\u00e9rative Welcoop","description":"D\u00e9couvrez les actions de La Coop\u00e9rative Welcoop pendant la SEEPH (Semaine Europ\u00e9enne pour l'Emploi des Personnes Handicap\u00e9es) 2024.","robots":{"index":"index","follow":"follow","max-snippet":"max-snippet:-1","max-image-preview":"max-image-preview:large","max-video-preview":"max-video-preview:-1"},"canonical":"https:\/\/www.lacooperativewelcoop.com\/blog\/seeph-2024\/","og_locale":"en_US","og_type":"article","og_title":"Retour sur la SEEPH 2024 - La Coop\u00e9rative Welcoop","og_description":"D\u00e9couvrez les actions de La Coop\u00e9rative Welcoop pendant la SEEPH (Semaine Europ\u00e9enne pour l'Emploi des Personnes Handicap\u00e9es) 2024.","og_url":"https:\/\/www.lacooperativewelcoop.com\/blog\/seeph-2024\/","og_site_name":"La Coop\u00e9rative Welcoop","article_publisher":"https:\/\/www.facebook.com\/lacooperativewelcoop","article_published_time":"2024-11-25T09:23:00+00:00","article_modified_time":"2025-02-06T15:29:02+00:00","og_image":[{"width":1200,"height":675,"url":"https:\/\/www.lacooperativewelcoop.com\/wp-content\/uploads\/2025\/02\/SEEPH-2024-1.jpg","type":"image\/jpeg"}],"author":"Florence LECRIVAIN","twitter_card":"summary_large_image","twitter_creator":"@LaCoopWelcoop","twitter_site":"@LaCoopWelcoop","twitter_misc":{"Written by":"Florence LECRIVAIN","Est. reading time":"2 minutes"},"schema":{"@context":"https:\/\/schema.org","@graph":[{"@type":"Article","@id":"https:\/\/www.lacooperativewelcoop.com\/blog\/seeph-2024\/#article","isPartOf":{"@id":"https:\/\/www.lacooperativewelcoop.com\/blog\/seeph-2024\/"},"author":{"name":"Florence LECRIVAIN","@id":"https:\/\/www.lacooperativewelcoop.com\/#\/schema\/person\/5e6238fcde6c4ea20547ecfcf77c5dda"},"headline":"Retour sur la SEEPH 2024","datePublished":"2024-11-25T09:23:00+00:00","dateModified":"2025-02-06T15:29:02+00:00","mainEntityOfPage":{"@id":"https:\/\/www.lacooperativewelcoop.com\/blog\/seeph-2024\/"},"wordCount":435,"publisher":{"@id":"https:\/\/www.lacooperativewelcoop.com\/#organization"},"image":{"@id":"https:\/\/www.lacooperativewelcoop.com\/blog\/seeph-2024\/#primaryimage"},"thumbnailUrl":"https:\/\/www.lacooperativewelcoop.com\/wp-content\/uploads\/2025\/02\/SEEPH-2024-1.jpg","articleSection":["Actualit\u00e9s","Collaborateurs","Ev\u00e8nement"],"inLanguage":"en-US"},{"@type":"WebPage","@id":"https:\/\/www.lacooperativewelcoop.com\/blog\/seeph-2024\/","url":"https:\/\/www.lacooperativewelcoop.com\/blog\/seeph-2024\/","name":"Retour sur la SEEPH 2024 - La Coop\u00e9rative Welcoop","isPartOf":{"@id":"https:\/\/www.lacooperativewelcoop.com\/#website"},"primaryImageOfPage":{"@id":"https:\/\/www.lacooperativewelcoop.com\/blog\/seeph-2024\/#primaryimage"},"image":{"@id":"https:\/\/www.lacooperativewelcoop.com\/blog\/seeph-2024\/#primaryimage"},"thumbnailUrl":"https:\/\/www.lacooperativewelcoop.com\/wp-content\/uploads\/2025\/02\/SEEPH-2024-1.jpg","datePublished":"2024-11-25T09:23:00+00:00","dateModified":"2025-02-06T15:29:02+00:00","description":"D\u00e9couvrez les actions de La Coop\u00e9rative Welcoop pendant la SEEPH (Semaine Europ\u00e9enne pour l'Emploi des Personnes Handicap\u00e9es) 2024.","breadcrumb":{"@id":"https:\/\/www.lacooperativewelcoop.com\/blog\/seeph-2024\/#breadcrumb"},"inLanguage":"en-US","potentialAction":[{"@type":"ReadAction","target":["https:\/\/www.lacooperativewelcoop.com\/blog\/seeph-2024\/"]}]},{"@type":"ImageObject","inLanguage":"en-US","@id":"https:\/\/www.lacooperativewelcoop.com\/blog\/seeph-2024\/#primaryimage","url":"https:\/\/www.lacooperativewelcoop.com\/wp-content\/uploads\/2025\/02\/SEEPH-2024-1.jpg","contentUrl":"https:\/\/www.lacooperativewelcoop.com\/wp-content\/uploads\/2025\/02\/SEEPH-2024-1.jpg","width":1200,"height":675,"caption":"SEEPH 2024"},{"@type":"BreadcrumbList","@id":"https:\/\/www.lacooperativewelcoop.com\/blog\/seeph-2024\/#breadcrumb","itemListElement":[{"@type":"ListItem","position":1,"name":"Accueil","item":"https:\/\/www.lacooperativewelcoop.com\/en\/"},{"@type":"ListItem","position":2,"name":"Retour sur la SEEPH 2024"}]},{"@type":"WebSite","@id":"https:\/\/www.lacooperativewelcoop.com\/#website","url":"https:\/\/www.lacooperativewelcoop.com\/","name":"La Coop\u00e9rative Welcoop","description":"Citoyens de la sant\u00e9 et du bien-\u00eatre","publisher":{"@id":"https:\/\/www.lacooperativewelcoop.com\/#organization"},"potentialAction":[{"@type":"SearchAction","target":{"@type":"EntryPoint","urlTemplate":"https:\/\/www.lacooperativewelcoop.com\/?s={search_term_string}"},"query-input":{"@type":"PropertyValueSpecification","valueRequired":true,"valueName":"search_term_string"}}],"inLanguage":"en-US"},{"@type":"Organization","@id":"https:\/\/www.lacooperativewelcoop.com\/#organization","name":"La Coop\u00e9rative Welcoop","url":"https:\/\/www.lacooperativewelcoop.com\/","logo":{"@type":"ImageObject","inLanguage":"en-US","@id":"https:\/\/www.lacooperativewelcoop.com\/#\/schema\/logo\/image\/","url":"https:\/\/www.lacooperativewelcoop.com\/wp-content\/uploads\/2019\/08\/logo@2x.png","contentUrl":"https:\/\/www.lacooperativewelcoop.com\/wp-content\/uploads\/2019\/08\/logo@2x.png","width":400,"height":218,"caption":"La Coop\u00e9rative Welcoop"},"image":{"@id":"https:\/\/www.lacooperativewelcoop.com\/#\/schema\/logo\/image\/"},"sameAs":["https:\/\/www.facebook.com\/lacooperativewelcoop","https:\/\/x.com\/LaCoopWelcoop","https:\/\/www.instagram.com\/lacooperativewelcoop\/","https:\/\/www.linkedin.com\/company\/la-cooperative-welcoop\/","https:\/\/www.youtube.com\/playlist?list=PLgsP06JS6FdCOQzquwK_JyDt9fl52quMf"]},{"@type":"Person","@id":"https:\/\/www.lacooperativewelcoop.com\/#\/schema\/person\/5e6238fcde6c4ea20547ecfcf77c5dda","name":"Florence LECRIVAIN","image":{"@type":"ImageObject","inLanguage":"en-US","@id":"https:\/\/secure.gravatar.com\/avatar\/323619a38d69c8e2435fa136fda8324c33eaa92d6cfa16eb2d547974c67b2945?s=96&d=mm&r=g","url":"https:\/\/secure.gravatar.com\/avatar\/323619a38d69c8e2435fa136fda8324c33eaa92d6cfa16eb2d547974c67b2945?s=96&d=mm&r=g","contentUrl":"https:\/\/secure.gravatar.com\/avatar\/323619a38d69c8e2435fa136fda8324c33eaa92d6cfa16eb2d547974c67b2945?s=96&d=mm&r=g","caption":"Florence LECRIVAIN"}}]}},"_links":{"self":[{"href":"https:\/\/www.lacooperativewelcoop.com\/en\/wp-json\/wp\/v2\/posts\/20309","targetHints":{"allow":["GET"]}}],"collection":[{"href":"https:\/\/www.lacooperativewelcoop.com\/en\/wp-json\/wp\/v2\/posts"}],"about":[{"href":"https:\/\/www.lacooperativewelcoop.com\/en\/wp-json\/wp\/v2\/types\/post"}],"author":[{"embeddable":true,"href":"https:\/\/www.lacooperativewelcoop.com\/en\/wp-json\/wp\/v2\/users\/12"}],"replies":[{"embeddable":true,"href":"https:\/\/www.lacooperativewelcoop.com\/en\/wp-json\/wp\/v2\/comments?post=20309"}],"version-history":[{"count":3,"href":"https:\/\/www.lacooperativewelcoop.com\/en\/wp-json\/wp\/v2\/posts\/20309\/revisions"}],"predecessor-version":[{"id":20319,"href":"https:\/\/www.lacooperativewelcoop.com\/en\/wp-json\/wp\/v2\/posts\/20309\/revisions\/20319"}],"wp:featuredmedia":[{"embeddable":true,"href":"https:\/\/www.lacooperativewelcoop.com\/en\/wp-json\/wp\/v2\/media\/20316"}],"wp:attachment":[{"href":"https:\/\/www.lacooperativewelcoop.com\/en\/wp-json\/wp\/v2\/media?parent=20309"}],"wp:term":[{"taxonomy":"category","embeddable":true,"href":"https:\/\/www.lacooperativewelcoop.com\/en\/wp-json\/wp\/v2\/categories?post=20309"},{"taxonomy":"post_tag","embeddable":true,"href":"https:\/\/www.lacooperativewelcoop.com\/en\/wp-json\/wp\/v2\/tags?post=20309"}],"curies":[{"name":"wp","href":"https:\/\/api.w.org\/{rel}","templated":true}]}}