{"id":569,"date":"2019-05-13T11:10:52","date_gmt":"2019-05-13T09:10:52","guid":{"rendered":"http:\/\/www.lacooperativewelcoop.com\/?p=569"},"modified":"2021-10-13T16:08:30","modified_gmt":"2021-10-13T14:08:30","slug":"marque-verte-devient-laboratoire-marque-verte","status":"publish","type":"post","link":"https:\/\/www.lacooperativewelcoop.com\/en\/blog\/marque-verte-devient-laboratoire-marque-verte\/","title":{"rendered":"LA MARQUE VERTE DEVIENT LABORATOIRE MARQUE VERTE"},"content":{"rendered":"<p class=\"lead text-primary\">A compter du 1er janvier 2016, La Marque Verte change de nom et devient Laboratoire Marque Verte. Objectif : d\u00e9velopper la notori\u00e9t\u00e9 de la marque, susciter la confiance des consommateurs, mais aussi et surtout valoriser l&#8217;activit\u00e9 et les missions du pharmacien.<\/p>\n\n\n<div class=\"wp-block-image\"><figure class=\"aligncenter\"><img loading=\"lazy\" decoding=\"async\" width=\"450\" height=\"150\" src=\"http:\/\/www.lacooperativewelcoop.com\/wp-content\/uploads\/2019\/05\/6b9f591d9835fdffa7e651e4c6fbc681.png\" alt=\"laboratoire-marque-verte\" class=\"wp-image-576\" srcset=\"https:\/\/www.lacooperativewelcoop.com\/wp-content\/uploads\/2019\/05\/6b9f591d9835fdffa7e651e4c6fbc681.png 450w, https:\/\/www.lacooperativewelcoop.com\/wp-content\/uploads\/2019\/05\/6b9f591d9835fdffa7e651e4c6fbc681-445x148.png 445w\" sizes=\"auto, (max-width: 450px) 100vw, 450px\" \/><\/figure><\/div>\n\n\n\n<p>Cr\u00e9\u00e9e en 1968 par des pharmaciens, pour des pharmaciens, la raison d&#8217;\u00eatre de La Marque Verte est d&#8217;\u00eatre exclusive \u00e0 la pharmacie, afin de contrer la concurrence de la grande distribution. L&#8217;ambition de Welcoop est d&#8217;en faire la marque grand public de la coop\u00e9rative. Pour ce faire, une strat\u00e9gie offensive aupr\u00e8s du grand public a \u00e9t\u00e9 mise en place en 2014. Afin de poursuivre la strat\u00e9gie initi\u00e9e, l&#8217;ensemble des produits et services de la coop\u00e9rative destin\u00e9 au grand public est rassembl\u00e9e sous La Marque Verte. Aujourd&#8217;hui, La Marque Verte devient Laboratoire Marque Verte, marque caution de la pharmacie.<\/p>\n\n\n\n<h4 class=\"wp-block-heading\"><strong>Laboratoire Marque Verte s&#8217;engage aupr\u00e8s des consommateurs<\/strong><\/h4>\n\n\n\n<ul class=\"wp-block-list\"><li>\u00c0 proposer des produits formul\u00e9s sans substances ind\u00e9sirables et \u00e0 faire \u00e9voluer ses produits pour toujours respecter la sant\u00e9 et le bien-\u00eatre des consommateurs<\/li><li>\u00c0 syst\u00e9matiser les tests consommateurs pour faire \u00e9voluer ses gammes<\/li><li>\u00c0 mettre \u00e0 disposition des \u00e9chantillons* pour que vous puissiez tester nos produits avant de les acheter<\/li><li>\u00c0 r\u00e9diger les compositions en fran\u00e7ais pour plus de transparence et de compr\u00e9hension<\/li><\/ul>\n\n\n\n<h4 class=\"wp-block-heading\"><strong>Laboratoire Marque Verte s&#8217;engage aupr\u00e8s des pharmaciens et des professionnels de sant\u00e9<\/strong><\/h4>\n\n\n\n<ul class=\"wp-block-list\"><li>\u00c0 associer les patients et les professionnels de sant\u00e9 dans l\u2019\u00e9laboration de ses produits<\/li><li>\u00c0 ne proposer que des produits conformes \u00e0 la r\u00e9glementation, \u00e9thiques et responsables <\/li><li>\u00c0 une parfaite transparence et \u00e0 une fabrication raisonn\u00e9e<\/li><li>\u00c0 faire \u00e9voluer ses produits pour s\u2019adapter aux protocoles de soins et au confort des patients <\/li><li>\u00c0 mettre \u00e0 disposition des \u00e9chantillons** pour faire tester ses produits avant de les utiliser<\/li><\/ul>\n\n\n\n<p>* Dans la limite des stocks disponibles<\/p>\n","protected":false},"excerpt":{"rendered":"<p>Cr\u00e9\u00e9e en 1968 par des pharmaciens, pour des pharmaciens, la raison d&#8217;\u00eatre de La Marque Verte est d&#8217;\u00eatre exclusive \u00e0 la pharmacie, afin de contrer&#8230;<\/p>\n","protected":false},"author":5,"featured_media":925,"comment_status":"closed","ping_status":"closed","sticky":false,"template":"","format":"standard","meta":{"_acf_changed":false,"footnotes":""},"categories":[8],"tags":[],"class_list":["post-569","post","type-post","status-publish","format-standard","has-post-thumbnail","hentry","category-pharmacien"],"acf":[],"yoast_head":"<!-- This site is optimized with the Yoast SEO plugin v27.3 - https:\/\/yoast.com\/product\/yoast-seo-wordpress\/ -->\n<title>LA MARQUE VERTE DEVIENT LABORATOIRE MARQUE VERTE - La Coop\u00e9rative Welcoop<\/title>\n<meta name=\"description\" content=\"A compter du 1er janvier 2016, La Marque Verte change de nom et devient Laboratoire Marque Verte afin de valoriser l&#039;activit\u00e9 du pharmacien.\" \/>\n<meta name=\"robots\" content=\"index, follow, max-snippet:-1, max-image-preview:large, max-video-preview:-1\" \/>\n<link rel=\"canonical\" href=\"https:\/\/www.lacooperativewelcoop.com\/en\/blog\/marque-verte-devient-laboratoire-marque-verte\/\" \/>\n<meta property=\"og:locale\" content=\"en_US\" \/>\n<meta property=\"og:type\" content=\"article\" \/>\n<meta property=\"og:title\" content=\"LA MARQUE VERTE DEVIENT LABORATOIRE MARQUE VERTE - La Coop\u00e9rative Welcoop\" \/>\n<meta property=\"og:description\" content=\"A compter du 1er janvier 2016, La Marque Verte change de nom et devient Laboratoire Marque Verte afin de valoriser l&#039;activit\u00e9 du pharmacien.\" \/>\n<meta property=\"og:url\" content=\"https:\/\/www.lacooperativewelcoop.com\/en\/blog\/marque-verte-devient-laboratoire-marque-verte\/\" \/>\n<meta property=\"og:site_name\" content=\"La Coop\u00e9rative Welcoop\" \/>\n<meta property=\"article:publisher\" content=\"https:\/\/www.facebook.com\/lacooperativewelcoop\" \/>\n<meta property=\"article:published_time\" content=\"2019-05-13T09:10:52+00:00\" \/>\n<meta property=\"article:modified_time\" content=\"2021-10-13T14:08:30+00:00\" \/>\n<meta property=\"og:image\" content=\"https:\/\/www.lacooperativewelcoop.com\/wp-content\/uploads\/2019\/05\/welcoop-actualites-thumbnail.png\" \/>\n\t<meta property=\"og:image:width\" content=\"1055\" \/>\n\t<meta property=\"og:image:height\" content=\"734\" \/>\n\t<meta property=\"og:image:type\" content=\"image\/png\" \/>\n<meta name=\"author\" content=\"Velvet MITCHEM-THERY\" \/>\n<meta name=\"twitter:card\" content=\"summary_large_image\" \/>\n<meta name=\"twitter:creator\" content=\"@LaCoopWelcoop\" \/>\n<meta name=\"twitter:site\" content=\"@LaCoopWelcoop\" \/>\n<meta name=\"twitter:label1\" content=\"Written by\" \/>\n\t<meta name=\"twitter:data1\" content=\"Velvet MITCHEM-THERY\" \/>\n\t<meta name=\"twitter:label2\" content=\"Est. reading time\" \/>\n\t<meta name=\"twitter:data2\" content=\"2 minutes\" \/>\n<script type=\"application\/ld+json\" class=\"yoast-schema-graph\">{\"@context\":\"https:\\\/\\\/schema.org\",\"@graph\":[{\"@type\":\"Article\",\"@id\":\"https:\\\/\\\/www.lacooperativewelcoop.com\\\/en\\\/blog\\\/marque-verte-devient-laboratoire-marque-verte\\\/#article\",\"isPartOf\":{\"@id\":\"https:\\\/\\\/www.lacooperativewelcoop.com\\\/en\\\/blog\\\/marque-verte-devient-laboratoire-marque-verte\\\/\"},\"author\":{\"name\":\"Velvet MITCHEM-THERY\",\"@id\":\"https:\\\/\\\/www.lacooperativewelcoop.com\\\/#\\\/schema\\\/person\\\/b00bd1bb9dc424818f91d09ea7377bb5\"},\"headline\":\"LA MARQUE VERTE DEVIENT LABORATOIRE MARQUE VERTE\",\"datePublished\":\"2019-05-13T09:10:52+00:00\",\"dateModified\":\"2021-10-13T14:08:30+00:00\",\"mainEntityOfPage\":{\"@id\":\"https:\\\/\\\/www.lacooperativewelcoop.com\\\/en\\\/blog\\\/marque-verte-devient-laboratoire-marque-verte\\\/\"},\"wordCount\":267,\"publisher\":{\"@id\":\"https:\\\/\\\/www.lacooperativewelcoop.com\\\/#organization\"},\"image\":{\"@id\":\"https:\\\/\\\/www.lacooperativewelcoop.com\\\/en\\\/blog\\\/marque-verte-devient-laboratoire-marque-verte\\\/#primaryimage\"},\"thumbnailUrl\":\"https:\\\/\\\/www.lacooperativewelcoop.com\\\/wp-content\\\/uploads\\\/2019\\\/05\\\/welcoop-actualites-thumbnail.png\",\"articleSection\":[\"Pharmacien\"],\"inLanguage\":\"en-US\"},{\"@type\":\"WebPage\",\"@id\":\"https:\\\/\\\/www.lacooperativewelcoop.com\\\/en\\\/blog\\\/marque-verte-devient-laboratoire-marque-verte\\\/\",\"url\":\"https:\\\/\\\/www.lacooperativewelcoop.com\\\/en\\\/blog\\\/marque-verte-devient-laboratoire-marque-verte\\\/\",\"name\":\"LA MARQUE VERTE DEVIENT LABORATOIRE MARQUE VERTE - La Coop\u00e9rative Welcoop\",\"isPartOf\":{\"@id\":\"https:\\\/\\\/www.lacooperativewelcoop.com\\\/#website\"},\"primaryImageOfPage\":{\"@id\":\"https:\\\/\\\/www.lacooperativewelcoop.com\\\/en\\\/blog\\\/marque-verte-devient-laboratoire-marque-verte\\\/#primaryimage\"},\"image\":{\"@id\":\"https:\\\/\\\/www.lacooperativewelcoop.com\\\/en\\\/blog\\\/marque-verte-devient-laboratoire-marque-verte\\\/#primaryimage\"},\"thumbnailUrl\":\"https:\\\/\\\/www.lacooperativewelcoop.com\\\/wp-content\\\/uploads\\\/2019\\\/05\\\/welcoop-actualites-thumbnail.png\",\"datePublished\":\"2019-05-13T09:10:52+00:00\",\"dateModified\":\"2021-10-13T14:08:30+00:00\",\"description\":\"A compter du 1er janvier 2016, La Marque Verte change de nom et devient Laboratoire Marque Verte afin de valoriser l'activit\u00e9 du pharmacien.\",\"breadcrumb\":{\"@id\":\"https:\\\/\\\/www.lacooperativewelcoop.com\\\/en\\\/blog\\\/marque-verte-devient-laboratoire-marque-verte\\\/#breadcrumb\"},\"inLanguage\":\"en-US\",\"potentialAction\":[{\"@type\":\"ReadAction\",\"target\":[\"https:\\\/\\\/www.lacooperativewelcoop.com\\\/en\\\/blog\\\/marque-verte-devient-laboratoire-marque-verte\\\/\"]}]},{\"@type\":\"ImageObject\",\"inLanguage\":\"en-US\",\"@id\":\"https:\\\/\\\/www.lacooperativewelcoop.com\\\/en\\\/blog\\\/marque-verte-devient-laboratoire-marque-verte\\\/#primaryimage\",\"url\":\"https:\\\/\\\/www.lacooperativewelcoop.com\\\/wp-content\\\/uploads\\\/2019\\\/05\\\/welcoop-actualites-thumbnail.png\",\"contentUrl\":\"https:\\\/\\\/www.lacooperativewelcoop.com\\\/wp-content\\\/uploads\\\/2019\\\/05\\\/welcoop-actualites-thumbnail.png\",\"width\":1055,\"height\":734,\"caption\":\"Pharmacienne\"},{\"@type\":\"BreadcrumbList\",\"@id\":\"https:\\\/\\\/www.lacooperativewelcoop.com\\\/en\\\/blog\\\/marque-verte-devient-laboratoire-marque-verte\\\/#breadcrumb\",\"itemListElement\":[{\"@type\":\"ListItem\",\"position\":1,\"name\":\"Accueil\",\"item\":\"https:\\\/\\\/www.lacooperativewelcoop.com\\\/en\\\/\"},{\"@type\":\"ListItem\",\"position\":2,\"name\":\"LA MARQUE VERTE DEVIENT LABORATOIRE MARQUE VERTE\"}]},{\"@type\":\"WebSite\",\"@id\":\"https:\\\/\\\/www.lacooperativewelcoop.com\\\/#website\",\"url\":\"https:\\\/\\\/www.lacooperativewelcoop.com\\\/\",\"name\":\"La Coop\u00e9rative Welcoop\",\"description\":\"Citoyens de la sant\u00e9 et du bien-\u00eatre\",\"publisher\":{\"@id\":\"https:\\\/\\\/www.lacooperativewelcoop.com\\\/#organization\"},\"potentialAction\":[{\"@type\":\"SearchAction\",\"target\":{\"@type\":\"EntryPoint\",\"urlTemplate\":\"https:\\\/\\\/www.lacooperativewelcoop.com\\\/?s={search_term_string}\"},\"query-input\":{\"@type\":\"PropertyValueSpecification\",\"valueRequired\":true,\"valueName\":\"search_term_string\"}}],\"inLanguage\":\"en-US\"},{\"@type\":\"Organization\",\"@id\":\"https:\\\/\\\/www.lacooperativewelcoop.com\\\/#organization\",\"name\":\"La Coop\u00e9rative Welcoop\",\"url\":\"https:\\\/\\\/www.lacooperativewelcoop.com\\\/\",\"logo\":{\"@type\":\"ImageObject\",\"inLanguage\":\"en-US\",\"@id\":\"https:\\\/\\\/www.lacooperativewelcoop.com\\\/#\\\/schema\\\/logo\\\/image\\\/\",\"url\":\"https:\\\/\\\/www.lacooperativewelcoop.com\\\/wp-content\\\/uploads\\\/2019\\\/08\\\/logo@2x.png\",\"contentUrl\":\"https:\\\/\\\/www.lacooperativewelcoop.com\\\/wp-content\\\/uploads\\\/2019\\\/08\\\/logo@2x.png\",\"width\":400,\"height\":218,\"caption\":\"La Coop\u00e9rative Welcoop\"},\"image\":{\"@id\":\"https:\\\/\\\/www.lacooperativewelcoop.com\\\/#\\\/schema\\\/logo\\\/image\\\/\"},\"sameAs\":[\"https:\\\/\\\/www.facebook.com\\\/lacooperativewelcoop\",\"https:\\\/\\\/x.com\\\/LaCoopWelcoop\",\"https:\\\/\\\/www.instagram.com\\\/lacooperativewelcoop\\\/\",\"https:\\\/\\\/www.linkedin.com\\\/company\\\/la-cooperative-welcoop\\\/\",\"https:\\\/\\\/www.youtube.com\\\/playlist?list=PLgsP06JS6FdCOQzquwK_JyDt9fl52quMf\"]},{\"@type\":\"Person\",\"@id\":\"https:\\\/\\\/www.lacooperativewelcoop.com\\\/#\\\/schema\\\/person\\\/b00bd1bb9dc424818f91d09ea7377bb5\",\"name\":\"Velvet MITCHEM-THERY\",\"image\":{\"@type\":\"ImageObject\",\"inLanguage\":\"en-US\",\"@id\":\"https:\\\/\\\/secure.gravatar.com\\\/avatar\\\/84d5ecd62e5362b1f3e98d4af667997abdfbda57fcc8814bd2b28201e3903dad?s=96&d=mm&r=g\",\"url\":\"https:\\\/\\\/secure.gravatar.com\\\/avatar\\\/84d5ecd62e5362b1f3e98d4af667997abdfbda57fcc8814bd2b28201e3903dad?s=96&d=mm&r=g\",\"contentUrl\":\"https:\\\/\\\/secure.gravatar.com\\\/avatar\\\/84d5ecd62e5362b1f3e98d4af667997abdfbda57fcc8814bd2b28201e3903dad?s=96&d=mm&r=g\",\"caption\":\"Velvet MITCHEM-THERY\"}}]}<\/script>\n<!-- \/ Yoast SEO plugin. -->","yoast_head_json":{"title":"LA MARQUE VERTE DEVIENT LABORATOIRE MARQUE VERTE - La Coop\u00e9rative Welcoop","description":"A compter du 1er janvier 2016, La Marque Verte change de nom et devient Laboratoire Marque Verte afin de valoriser l'activit\u00e9 du pharmacien.","robots":{"index":"index","follow":"follow","max-snippet":"max-snippet:-1","max-image-preview":"max-image-preview:large","max-video-preview":"max-video-preview:-1"},"canonical":"https:\/\/www.lacooperativewelcoop.com\/en\/blog\/marque-verte-devient-laboratoire-marque-verte\/","og_locale":"en_US","og_type":"article","og_title":"LA MARQUE VERTE DEVIENT LABORATOIRE MARQUE VERTE - La Coop\u00e9rative Welcoop","og_description":"A compter du 1er janvier 2016, La Marque Verte change de nom et devient Laboratoire Marque Verte afin de valoriser l'activit\u00e9 du pharmacien.","og_url":"https:\/\/www.lacooperativewelcoop.com\/en\/blog\/marque-verte-devient-laboratoire-marque-verte\/","og_site_name":"La Coop\u00e9rative Welcoop","article_publisher":"https:\/\/www.facebook.com\/lacooperativewelcoop","article_published_time":"2019-05-13T09:10:52+00:00","article_modified_time":"2021-10-13T14:08:30+00:00","og_image":[{"width":1055,"height":734,"url":"https:\/\/www.lacooperativewelcoop.com\/wp-content\/uploads\/2019\/05\/welcoop-actualites-thumbnail.png","type":"image\/png"}],"author":"Velvet MITCHEM-THERY","twitter_card":"summary_large_image","twitter_creator":"@LaCoopWelcoop","twitter_site":"@LaCoopWelcoop","twitter_misc":{"Written by":"Velvet MITCHEM-THERY","Est. reading time":"2 minutes"},"schema":{"@context":"https:\/\/schema.org","@graph":[{"@type":"Article","@id":"https:\/\/www.lacooperativewelcoop.com\/en\/blog\/marque-verte-devient-laboratoire-marque-verte\/#article","isPartOf":{"@id":"https:\/\/www.lacooperativewelcoop.com\/en\/blog\/marque-verte-devient-laboratoire-marque-verte\/"},"author":{"name":"Velvet MITCHEM-THERY","@id":"https:\/\/www.lacooperativewelcoop.com\/#\/schema\/person\/b00bd1bb9dc424818f91d09ea7377bb5"},"headline":"LA MARQUE VERTE DEVIENT LABORATOIRE MARQUE VERTE","datePublished":"2019-05-13T09:10:52+00:00","dateModified":"2021-10-13T14:08:30+00:00","mainEntityOfPage":{"@id":"https:\/\/www.lacooperativewelcoop.com\/en\/blog\/marque-verte-devient-laboratoire-marque-verte\/"},"wordCount":267,"publisher":{"@id":"https:\/\/www.lacooperativewelcoop.com\/#organization"},"image":{"@id":"https:\/\/www.lacooperativewelcoop.com\/en\/blog\/marque-verte-devient-laboratoire-marque-verte\/#primaryimage"},"thumbnailUrl":"https:\/\/www.lacooperativewelcoop.com\/wp-content\/uploads\/2019\/05\/welcoop-actualites-thumbnail.png","articleSection":["Pharmacien"],"inLanguage":"en-US"},{"@type":"WebPage","@id":"https:\/\/www.lacooperativewelcoop.com\/en\/blog\/marque-verte-devient-laboratoire-marque-verte\/","url":"https:\/\/www.lacooperativewelcoop.com\/en\/blog\/marque-verte-devient-laboratoire-marque-verte\/","name":"LA MARQUE VERTE DEVIENT LABORATOIRE MARQUE VERTE - La Coop\u00e9rative Welcoop","isPartOf":{"@id":"https:\/\/www.lacooperativewelcoop.com\/#website"},"primaryImageOfPage":{"@id":"https:\/\/www.lacooperativewelcoop.com\/en\/blog\/marque-verte-devient-laboratoire-marque-verte\/#primaryimage"},"image":{"@id":"https:\/\/www.lacooperativewelcoop.com\/en\/blog\/marque-verte-devient-laboratoire-marque-verte\/#primaryimage"},"thumbnailUrl":"https:\/\/www.lacooperativewelcoop.com\/wp-content\/uploads\/2019\/05\/welcoop-actualites-thumbnail.png","datePublished":"2019-05-13T09:10:52+00:00","dateModified":"2021-10-13T14:08:30+00:00","description":"A compter du 1er janvier 2016, La Marque Verte change de nom et devient Laboratoire Marque Verte afin de valoriser l'activit\u00e9 du pharmacien.","breadcrumb":{"@id":"https:\/\/www.lacooperativewelcoop.com\/en\/blog\/marque-verte-devient-laboratoire-marque-verte\/#breadcrumb"},"inLanguage":"en-US","potentialAction":[{"@type":"ReadAction","target":["https:\/\/www.lacooperativewelcoop.com\/en\/blog\/marque-verte-devient-laboratoire-marque-verte\/"]}]},{"@type":"ImageObject","inLanguage":"en-US","@id":"https:\/\/www.lacooperativewelcoop.com\/en\/blog\/marque-verte-devient-laboratoire-marque-verte\/#primaryimage","url":"https:\/\/www.lacooperativewelcoop.com\/wp-content\/uploads\/2019\/05\/welcoop-actualites-thumbnail.png","contentUrl":"https:\/\/www.lacooperativewelcoop.com\/wp-content\/uploads\/2019\/05\/welcoop-actualites-thumbnail.png","width":1055,"height":734,"caption":"Pharmacienne"},{"@type":"BreadcrumbList","@id":"https:\/\/www.lacooperativewelcoop.com\/en\/blog\/marque-verte-devient-laboratoire-marque-verte\/#breadcrumb","itemListElement":[{"@type":"ListItem","position":1,"name":"Accueil","item":"https:\/\/www.lacooperativewelcoop.com\/en\/"},{"@type":"ListItem","position":2,"name":"LA MARQUE VERTE DEVIENT LABORATOIRE MARQUE VERTE"}]},{"@type":"WebSite","@id":"https:\/\/www.lacooperativewelcoop.com\/#website","url":"https:\/\/www.lacooperativewelcoop.com\/","name":"La Coop\u00e9rative Welcoop","description":"Citoyens de la sant\u00e9 et du bien-\u00eatre","publisher":{"@id":"https:\/\/www.lacooperativewelcoop.com\/#organization"},"potentialAction":[{"@type":"SearchAction","target":{"@type":"EntryPoint","urlTemplate":"https:\/\/www.lacooperativewelcoop.com\/?s={search_term_string}"},"query-input":{"@type":"PropertyValueSpecification","valueRequired":true,"valueName":"search_term_string"}}],"inLanguage":"en-US"},{"@type":"Organization","@id":"https:\/\/www.lacooperativewelcoop.com\/#organization","name":"La Coop\u00e9rative Welcoop","url":"https:\/\/www.lacooperativewelcoop.com\/","logo":{"@type":"ImageObject","inLanguage":"en-US","@id":"https:\/\/www.lacooperativewelcoop.com\/#\/schema\/logo\/image\/","url":"https:\/\/www.lacooperativewelcoop.com\/wp-content\/uploads\/2019\/08\/logo@2x.png","contentUrl":"https:\/\/www.lacooperativewelcoop.com\/wp-content\/uploads\/2019\/08\/logo@2x.png","width":400,"height":218,"caption":"La Coop\u00e9rative Welcoop"},"image":{"@id":"https:\/\/www.lacooperativewelcoop.com\/#\/schema\/logo\/image\/"},"sameAs":["https:\/\/www.facebook.com\/lacooperativewelcoop","https:\/\/x.com\/LaCoopWelcoop","https:\/\/www.instagram.com\/lacooperativewelcoop\/","https:\/\/www.linkedin.com\/company\/la-cooperative-welcoop\/","https:\/\/www.youtube.com\/playlist?list=PLgsP06JS6FdCOQzquwK_JyDt9fl52quMf"]},{"@type":"Person","@id":"https:\/\/www.lacooperativewelcoop.com\/#\/schema\/person\/b00bd1bb9dc424818f91d09ea7377bb5","name":"Velvet MITCHEM-THERY","image":{"@type":"ImageObject","inLanguage":"en-US","@id":"https:\/\/secure.gravatar.com\/avatar\/84d5ecd62e5362b1f3e98d4af667997abdfbda57fcc8814bd2b28201e3903dad?s=96&d=mm&r=g","url":"https:\/\/secure.gravatar.com\/avatar\/84d5ecd62e5362b1f3e98d4af667997abdfbda57fcc8814bd2b28201e3903dad?s=96&d=mm&r=g","contentUrl":"https:\/\/secure.gravatar.com\/avatar\/84d5ecd62e5362b1f3e98d4af667997abdfbda57fcc8814bd2b28201e3903dad?s=96&d=mm&r=g","caption":"Velvet MITCHEM-THERY"}}]}},"_links":{"self":[{"href":"https:\/\/www.lacooperativewelcoop.com\/en\/wp-json\/wp\/v2\/posts\/569","targetHints":{"allow":["GET"]}}],"collection":[{"href":"https:\/\/www.lacooperativewelcoop.com\/en\/wp-json\/wp\/v2\/posts"}],"about":[{"href":"https:\/\/www.lacooperativewelcoop.com\/en\/wp-json\/wp\/v2\/types\/post"}],"author":[{"embeddable":true,"href":"https:\/\/www.lacooperativewelcoop.com\/en\/wp-json\/wp\/v2\/users\/5"}],"replies":[{"embeddable":true,"href":"https:\/\/www.lacooperativewelcoop.com\/en\/wp-json\/wp\/v2\/comments?post=569"}],"version-history":[{"count":43,"href":"https:\/\/www.lacooperativewelcoop.com\/en\/wp-json\/wp\/v2\/posts\/569\/revisions"}],"predecessor-version":[{"id":6820,"href":"https:\/\/www.lacooperativewelcoop.com\/en\/wp-json\/wp\/v2\/posts\/569\/revisions\/6820"}],"wp:featuredmedia":[{"embeddable":true,"href":"https:\/\/www.lacooperativewelcoop.com\/en\/wp-json\/wp\/v2\/media\/925"}],"wp:attachment":[{"href":"https:\/\/www.lacooperativewelcoop.com\/en\/wp-json\/wp\/v2\/media?parent=569"}],"wp:term":[{"taxonomy":"category","embeddable":true,"href":"https:\/\/www.lacooperativewelcoop.com\/en\/wp-json\/wp\/v2\/categories?post=569"},{"taxonomy":"post_tag","embeddable":true,"href":"https:\/\/www.lacooperativewelcoop.com\/en\/wp-json\/wp\/v2\/tags?post=569"}],"curies":[{"name":"wp","href":"https:\/\/api.w.org\/{rel}","templated":true}]}}