{"id":7158,"date":"2020-03-08T10:30:00","date_gmt":"2020-03-08T09:30:00","guid":{"rendered":"https:\/\/www.lacooperativewelcoop.com\/?p=7158"},"modified":"2021-10-13T15:51:32","modified_gmt":"2021-10-13T13:51:32","slug":"anne-lhote","status":"publish","type":"post","link":"https:\/\/www.lacooperativewelcoop.com\/en\/blog\/anne-lhote\/","title":{"rendered":"Journ\u00e9e internationale des femmes : portrait de notre Secr\u00e9taire G\u00e9n\u00e9rale"},"content":{"rendered":"<p class=\"lead text-primary\">A l&#8217;occasion de la Journ\u00e9e Internationale des Droits des Femmes, Anne LHOTE, Secr\u00e9taire G\u00e9n\u00e9rale \u00e0 La Coop\u00e9rative Welcoop, a accept\u00e9 de r\u00e9pondre \u00e0 nos questions sur son parcours professionnel et sa place en tant que femme \u00e0 un poste strat\u00e9gique dans l&#8217;entreprise.<\/p>\n\n\n<p><strong>Bonjour Anne, <\/strong><br><strong>Depuis combien de temps occupez-vous le poste de Secr\u00e9taire G\u00e9n\u00e9ral ?<\/strong> <\/p>\n\n\n\n<p>Bonjour,<br>J\u2019ai \u00e9t\u00e9 embauch\u00e9e \u00e0 la CERP Lorraine (ancienne d\u00e9nomination sociale de La Coop\u00e9rative Welcoop) en tant que Directeur Administratif et Financier, membre du CODIR Groupe depuis 2003. <br>Auparavant, j\u2019\u00e9tais expert-comptable associ\u00e9e d\u2019un cabinet, en charge des comptes des soci\u00e9t\u00e9s et de la consolidation du groupe.<br>J\u2019ai \u00e9t\u00e9 nomm\u00e9e Membre du Directoire en 2010&nbsp; puis Secr\u00e9taire G\u00e9n\u00e9ral en avril 2016.<\/p>\n\n\n\n<p><strong>Est-ce qu\u2019en tant que femme vous avez rencontr\u00e9 des difficult\u00e9s pendant votre carri\u00e8re&nbsp;?<\/strong><\/p>\n\n\n\n<p>J\u2019ai eu cette chance&nbsp;: les personnes qui m\u2019ont fait confiance, avaient cette ouverture d\u2019esprit et n\u2019ont jamais fait de distinction hommes-femmes.<br>Les difficult\u00e9s auxquelles j\u2019ai \u00e9t\u00e9 confront\u00e9es sont celles li\u00e9es aux fonctions que j\u2019ai successivement occup\u00e9es et sont les m\u00eames que pour un homme. <br>Par contre, la fa\u00e7on d\u2019y faire face et de les surmonter peut \u00eatre diff\u00e9rente et le fait d\u2019\u00eatre une femme permet d\u2019aborder les probl\u00e8mes avec un regard nouveau par rapport \u00e0 mes coll\u00e8gues masculins. <br>C\u2019est aussi ce qui fait notamment la richesse de la mixit\u00e9 des Comit\u00e9s de Direction&nbsp;: les r\u00e9ponses apport\u00e9es par les hommes et par les femmes sont souvent compl\u00e9mentaires et concourent, de mon point de vue, \u00e0 une plus grande efficacit\u00e9.<\/p>\n\n\n\n<p><strong>Quel conseil donneriez-vous \u00e0 des femmes aujourd\u2019hui qui visent des postes de responsabilit\u00e9&nbsp;?<\/strong><\/p>\n\n\n\n<p>Il ne faut pas h\u00e9siter&nbsp;: les femmes doivent avoir confiance en elles, pour faire reconna\u00eetre leur travail et leurs comp\u00e9tences. <br>Les comit\u00e9s de direction des ETI et des PME se f\u00e9minisent et c\u2019est une tr\u00e8s bonne chose pour les entreprises car je suis convaincue que la mixit\u00e9 est un atout.<\/p>\n","protected":false},"excerpt":{"rendered":"<p>Bonjour Anne, Depuis combien de temps occupez-vous le poste de Secr\u00e9taire G\u00e9n\u00e9ral ? Bonjour,J\u2019ai \u00e9t\u00e9 embauch\u00e9e \u00e0 la CERP Lorraine (ancienne d\u00e9nomination sociale de La&#8230;<\/p>\n","protected":false},"author":5,"featured_media":7188,"comment_status":"closed","ping_status":"closed","sticky":false,"template":"","format":"standard","meta":{"_acf_changed":false,"footnotes":""},"categories":[52,48],"tags":[],"class_list":["post-7158","post","type-post","status-publish","format-standard","has-post-thumbnail","hentry","category-collaborateurs","category-evenement"],"acf":[],"yoast_head":"<!-- This site is optimized with the Yoast SEO plugin v27.3 - https:\/\/yoast.com\/product\/yoast-seo-wordpress\/ -->\n<title>Journ\u00e9e internationale des femmes : portrait de notre Secr\u00e9taire G\u00e9n\u00e9rale - La Coop\u00e9rative Welcoop<\/title>\n<meta name=\"description\" content=\"Anne LHOTE a accept\u00e9 de r\u00e9pondre \u00e0 nos questions sur son parcours professionnel et sa place \u00e0 un poste strat\u00e9gique dans l&#039;entreprise.\" \/>\n<meta name=\"robots\" content=\"index, follow, max-snippet:-1, max-image-preview:large, max-video-preview:-1\" \/>\n<link rel=\"canonical\" href=\"https:\/\/www.lacooperativewelcoop.com\/en\/blog\/anne-lhote\/\" \/>\n<meta property=\"og:locale\" content=\"en_US\" \/>\n<meta property=\"og:type\" content=\"article\" \/>\n<meta property=\"og:title\" content=\"Journ\u00e9e internationale des femmes : portrait de notre Secr\u00e9taire G\u00e9n\u00e9rale - La Coop\u00e9rative Welcoop\" \/>\n<meta property=\"og:description\" content=\"Anne LHOTE a accept\u00e9 de r\u00e9pondre \u00e0 nos questions sur son parcours professionnel et sa place \u00e0 un poste strat\u00e9gique dans l&#039;entreprise.\" \/>\n<meta property=\"og:url\" content=\"https:\/\/www.lacooperativewelcoop.com\/en\/blog\/anne-lhote\/\" \/>\n<meta property=\"og:site_name\" content=\"La Coop\u00e9rative Welcoop\" \/>\n<meta property=\"article:publisher\" content=\"https:\/\/www.facebook.com\/lacooperativewelcoop\" \/>\n<meta property=\"article:published_time\" content=\"2020-03-08T09:30:00+00:00\" \/>\n<meta property=\"article:modified_time\" content=\"2021-10-13T13:51:32+00:00\" \/>\n<meta property=\"og:image\" content=\"https:\/\/www.lacooperativewelcoop.com\/wp-content\/uploads\/2020\/03\/Anne-LHOTE_journ\u00e9e-de-la-femme_V4-850x478.png\" \/>\n\t<meta property=\"og:image:width\" content=\"850\" \/>\n\t<meta property=\"og:image:height\" content=\"478\" \/>\n\t<meta property=\"og:image:type\" content=\"image\/png\" \/>\n<meta name=\"author\" content=\"Velvet MITCHEM-THERY\" \/>\n<meta name=\"twitter:card\" content=\"summary_large_image\" \/>\n<meta name=\"twitter:creator\" content=\"@LaCoopWelcoop\" \/>\n<meta name=\"twitter:site\" content=\"@LaCoopWelcoop\" \/>\n<meta name=\"twitter:label1\" content=\"Written by\" \/>\n\t<meta name=\"twitter:data1\" content=\"Velvet MITCHEM-THERY\" \/>\n\t<meta name=\"twitter:label2\" content=\"Est. reading time\" \/>\n\t<meta name=\"twitter:data2\" content=\"2 minutes\" \/>\n<script type=\"application\/ld+json\" class=\"yoast-schema-graph\">{\"@context\":\"https:\\\/\\\/schema.org\",\"@graph\":[{\"@type\":\"Article\",\"@id\":\"https:\\\/\\\/www.lacooperativewelcoop.com\\\/en\\\/blog\\\/anne-lhote\\\/#article\",\"isPartOf\":{\"@id\":\"https:\\\/\\\/www.lacooperativewelcoop.com\\\/en\\\/blog\\\/anne-lhote\\\/\"},\"author\":{\"name\":\"Velvet MITCHEM-THERY\",\"@id\":\"https:\\\/\\\/www.lacooperativewelcoop.com\\\/#\\\/schema\\\/person\\\/b00bd1bb9dc424818f91d09ea7377bb5\"},\"headline\":\"Journ\u00e9e internationale des femmes : portrait de notre Secr\u00e9taire G\u00e9n\u00e9rale\",\"datePublished\":\"2020-03-08T09:30:00+00:00\",\"dateModified\":\"2021-10-13T13:51:32+00:00\",\"mainEntityOfPage\":{\"@id\":\"https:\\\/\\\/www.lacooperativewelcoop.com\\\/en\\\/blog\\\/anne-lhote\\\/\"},\"wordCount\":329,\"publisher\":{\"@id\":\"https:\\\/\\\/www.lacooperativewelcoop.com\\\/#organization\"},\"image\":{\"@id\":\"https:\\\/\\\/www.lacooperativewelcoop.com\\\/en\\\/blog\\\/anne-lhote\\\/#primaryimage\"},\"thumbnailUrl\":\"https:\\\/\\\/www.lacooperativewelcoop.com\\\/wp-content\\\/uploads\\\/2020\\\/03\\\/Anne-LHOTE_journ\u00e9e-de-la-femme_V4.png\",\"articleSection\":[\"Collaborateurs\",\"Ev\u00e8nement\"],\"inLanguage\":\"en-US\"},{\"@type\":\"WebPage\",\"@id\":\"https:\\\/\\\/www.lacooperativewelcoop.com\\\/en\\\/blog\\\/anne-lhote\\\/\",\"url\":\"https:\\\/\\\/www.lacooperativewelcoop.com\\\/en\\\/blog\\\/anne-lhote\\\/\",\"name\":\"Journ\u00e9e internationale des femmes : portrait de notre Secr\u00e9taire G\u00e9n\u00e9rale - La Coop\u00e9rative Welcoop\",\"isPartOf\":{\"@id\":\"https:\\\/\\\/www.lacooperativewelcoop.com\\\/#website\"},\"primaryImageOfPage\":{\"@id\":\"https:\\\/\\\/www.lacooperativewelcoop.com\\\/en\\\/blog\\\/anne-lhote\\\/#primaryimage\"},\"image\":{\"@id\":\"https:\\\/\\\/www.lacooperativewelcoop.com\\\/en\\\/blog\\\/anne-lhote\\\/#primaryimage\"},\"thumbnailUrl\":\"https:\\\/\\\/www.lacooperativewelcoop.com\\\/wp-content\\\/uploads\\\/2020\\\/03\\\/Anne-LHOTE_journ\u00e9e-de-la-femme_V4.png\",\"datePublished\":\"2020-03-08T09:30:00+00:00\",\"dateModified\":\"2021-10-13T13:51:32+00:00\",\"description\":\"Anne LHOTE a accept\u00e9 de r\u00e9pondre \u00e0 nos questions sur son parcours professionnel et sa place \u00e0 un poste strat\u00e9gique dans l'entreprise.\",\"breadcrumb\":{\"@id\":\"https:\\\/\\\/www.lacooperativewelcoop.com\\\/en\\\/blog\\\/anne-lhote\\\/#breadcrumb\"},\"inLanguage\":\"en-US\",\"potentialAction\":[{\"@type\":\"ReadAction\",\"target\":[\"https:\\\/\\\/www.lacooperativewelcoop.com\\\/en\\\/blog\\\/anne-lhote\\\/\"]}]},{\"@type\":\"ImageObject\",\"inLanguage\":\"en-US\",\"@id\":\"https:\\\/\\\/www.lacooperativewelcoop.com\\\/en\\\/blog\\\/anne-lhote\\\/#primaryimage\",\"url\":\"https:\\\/\\\/www.lacooperativewelcoop.com\\\/wp-content\\\/uploads\\\/2020\\\/03\\\/Anne-LHOTE_journ\u00e9e-de-la-femme_V4.png\",\"contentUrl\":\"https:\\\/\\\/www.lacooperativewelcoop.com\\\/wp-content\\\/uploads\\\/2020\\\/03\\\/Anne-LHOTE_journ\u00e9e-de-la-femme_V4.png\",\"width\":2560,\"height\":1440,\"caption\":\"Anne LHOTE_journ\u00e9e de la femme\"},{\"@type\":\"BreadcrumbList\",\"@id\":\"https:\\\/\\\/www.lacooperativewelcoop.com\\\/en\\\/blog\\\/anne-lhote\\\/#breadcrumb\",\"itemListElement\":[{\"@type\":\"ListItem\",\"position\":1,\"name\":\"Accueil\",\"item\":\"https:\\\/\\\/www.lacooperativewelcoop.com\\\/en\\\/\"},{\"@type\":\"ListItem\",\"position\":2,\"name\":\"Journ\u00e9e internationale des femmes : portrait de notre Secr\u00e9taire G\u00e9n\u00e9rale\"}]},{\"@type\":\"WebSite\",\"@id\":\"https:\\\/\\\/www.lacooperativewelcoop.com\\\/#website\",\"url\":\"https:\\\/\\\/www.lacooperativewelcoop.com\\\/\",\"name\":\"La Coop\u00e9rative Welcoop\",\"description\":\"Citoyens de la sant\u00e9 et du bien-\u00eatre\",\"publisher\":{\"@id\":\"https:\\\/\\\/www.lacooperativewelcoop.com\\\/#organization\"},\"potentialAction\":[{\"@type\":\"SearchAction\",\"target\":{\"@type\":\"EntryPoint\",\"urlTemplate\":\"https:\\\/\\\/www.lacooperativewelcoop.com\\\/?s={search_term_string}\"},\"query-input\":{\"@type\":\"PropertyValueSpecification\",\"valueRequired\":true,\"valueName\":\"search_term_string\"}}],\"inLanguage\":\"en-US\"},{\"@type\":\"Organization\",\"@id\":\"https:\\\/\\\/www.lacooperativewelcoop.com\\\/#organization\",\"name\":\"La Coop\u00e9rative Welcoop\",\"url\":\"https:\\\/\\\/www.lacooperativewelcoop.com\\\/\",\"logo\":{\"@type\":\"ImageObject\",\"inLanguage\":\"en-US\",\"@id\":\"https:\\\/\\\/www.lacooperativewelcoop.com\\\/#\\\/schema\\\/logo\\\/image\\\/\",\"url\":\"https:\\\/\\\/www.lacooperativewelcoop.com\\\/wp-content\\\/uploads\\\/2019\\\/08\\\/logo@2x.png\",\"contentUrl\":\"https:\\\/\\\/www.lacooperativewelcoop.com\\\/wp-content\\\/uploads\\\/2019\\\/08\\\/logo@2x.png\",\"width\":400,\"height\":218,\"caption\":\"La Coop\u00e9rative Welcoop\"},\"image\":{\"@id\":\"https:\\\/\\\/www.lacooperativewelcoop.com\\\/#\\\/schema\\\/logo\\\/image\\\/\"},\"sameAs\":[\"https:\\\/\\\/www.facebook.com\\\/lacooperativewelcoop\",\"https:\\\/\\\/x.com\\\/LaCoopWelcoop\",\"https:\\\/\\\/www.instagram.com\\\/lacooperativewelcoop\\\/\",\"https:\\\/\\\/www.linkedin.com\\\/company\\\/la-cooperative-welcoop\\\/\",\"https:\\\/\\\/www.youtube.com\\\/playlist?list=PLgsP06JS6FdCOQzquwK_JyDt9fl52quMf\"]},{\"@type\":\"Person\",\"@id\":\"https:\\\/\\\/www.lacooperativewelcoop.com\\\/#\\\/schema\\\/person\\\/b00bd1bb9dc424818f91d09ea7377bb5\",\"name\":\"Velvet MITCHEM-THERY\",\"image\":{\"@type\":\"ImageObject\",\"inLanguage\":\"en-US\",\"@id\":\"https:\\\/\\\/secure.gravatar.com\\\/avatar\\\/84d5ecd62e5362b1f3e98d4af667997abdfbda57fcc8814bd2b28201e3903dad?s=96&d=mm&r=g\",\"url\":\"https:\\\/\\\/secure.gravatar.com\\\/avatar\\\/84d5ecd62e5362b1f3e98d4af667997abdfbda57fcc8814bd2b28201e3903dad?s=96&d=mm&r=g\",\"contentUrl\":\"https:\\\/\\\/secure.gravatar.com\\\/avatar\\\/84d5ecd62e5362b1f3e98d4af667997abdfbda57fcc8814bd2b28201e3903dad?s=96&d=mm&r=g\",\"caption\":\"Velvet MITCHEM-THERY\"}}]}<\/script>\n<!-- \/ Yoast SEO plugin. -->","yoast_head_json":{"title":"Journ\u00e9e internationale des femmes : portrait de notre Secr\u00e9taire G\u00e9n\u00e9rale - La Coop\u00e9rative Welcoop","description":"Anne LHOTE a accept\u00e9 de r\u00e9pondre \u00e0 nos questions sur son parcours professionnel et sa place \u00e0 un poste strat\u00e9gique dans l'entreprise.","robots":{"index":"index","follow":"follow","max-snippet":"max-snippet:-1","max-image-preview":"max-image-preview:large","max-video-preview":"max-video-preview:-1"},"canonical":"https:\/\/www.lacooperativewelcoop.com\/en\/blog\/anne-lhote\/","og_locale":"en_US","og_type":"article","og_title":"Journ\u00e9e internationale des femmes : portrait de notre Secr\u00e9taire G\u00e9n\u00e9rale - La Coop\u00e9rative Welcoop","og_description":"Anne LHOTE a accept\u00e9 de r\u00e9pondre \u00e0 nos questions sur son parcours professionnel et sa place \u00e0 un poste strat\u00e9gique dans l'entreprise.","og_url":"https:\/\/www.lacooperativewelcoop.com\/en\/blog\/anne-lhote\/","og_site_name":"La Coop\u00e9rative Welcoop","article_publisher":"https:\/\/www.facebook.com\/lacooperativewelcoop","article_published_time":"2020-03-08T09:30:00+00:00","article_modified_time":"2021-10-13T13:51:32+00:00","og_image":[{"width":850,"height":478,"url":"https:\/\/www.lacooperativewelcoop.com\/wp-content\/uploads\/2020\/03\/Anne-LHOTE_journ\u00e9e-de-la-femme_V4-850x478.png","type":"image\/png"}],"author":"Velvet MITCHEM-THERY","twitter_card":"summary_large_image","twitter_creator":"@LaCoopWelcoop","twitter_site":"@LaCoopWelcoop","twitter_misc":{"Written by":"Velvet MITCHEM-THERY","Est. reading time":"2 minutes"},"schema":{"@context":"https:\/\/schema.org","@graph":[{"@type":"Article","@id":"https:\/\/www.lacooperativewelcoop.com\/en\/blog\/anne-lhote\/#article","isPartOf":{"@id":"https:\/\/www.lacooperativewelcoop.com\/en\/blog\/anne-lhote\/"},"author":{"name":"Velvet MITCHEM-THERY","@id":"https:\/\/www.lacooperativewelcoop.com\/#\/schema\/person\/b00bd1bb9dc424818f91d09ea7377bb5"},"headline":"Journ\u00e9e internationale des femmes : portrait de notre Secr\u00e9taire G\u00e9n\u00e9rale","datePublished":"2020-03-08T09:30:00+00:00","dateModified":"2021-10-13T13:51:32+00:00","mainEntityOfPage":{"@id":"https:\/\/www.lacooperativewelcoop.com\/en\/blog\/anne-lhote\/"},"wordCount":329,"publisher":{"@id":"https:\/\/www.lacooperativewelcoop.com\/#organization"},"image":{"@id":"https:\/\/www.lacooperativewelcoop.com\/en\/blog\/anne-lhote\/#primaryimage"},"thumbnailUrl":"https:\/\/www.lacooperativewelcoop.com\/wp-content\/uploads\/2020\/03\/Anne-LHOTE_journ\u00e9e-de-la-femme_V4.png","articleSection":["Collaborateurs","Ev\u00e8nement"],"inLanguage":"en-US"},{"@type":"WebPage","@id":"https:\/\/www.lacooperativewelcoop.com\/en\/blog\/anne-lhote\/","url":"https:\/\/www.lacooperativewelcoop.com\/en\/blog\/anne-lhote\/","name":"Journ\u00e9e internationale des femmes : portrait de notre Secr\u00e9taire G\u00e9n\u00e9rale - La Coop\u00e9rative Welcoop","isPartOf":{"@id":"https:\/\/www.lacooperativewelcoop.com\/#website"},"primaryImageOfPage":{"@id":"https:\/\/www.lacooperativewelcoop.com\/en\/blog\/anne-lhote\/#primaryimage"},"image":{"@id":"https:\/\/www.lacooperativewelcoop.com\/en\/blog\/anne-lhote\/#primaryimage"},"thumbnailUrl":"https:\/\/www.lacooperativewelcoop.com\/wp-content\/uploads\/2020\/03\/Anne-LHOTE_journ\u00e9e-de-la-femme_V4.png","datePublished":"2020-03-08T09:30:00+00:00","dateModified":"2021-10-13T13:51:32+00:00","description":"Anne LHOTE a accept\u00e9 de r\u00e9pondre \u00e0 nos questions sur son parcours professionnel et sa place \u00e0 un poste strat\u00e9gique dans l'entreprise.","breadcrumb":{"@id":"https:\/\/www.lacooperativewelcoop.com\/en\/blog\/anne-lhote\/#breadcrumb"},"inLanguage":"en-US","potentialAction":[{"@type":"ReadAction","target":["https:\/\/www.lacooperativewelcoop.com\/en\/blog\/anne-lhote\/"]}]},{"@type":"ImageObject","inLanguage":"en-US","@id":"https:\/\/www.lacooperativewelcoop.com\/en\/blog\/anne-lhote\/#primaryimage","url":"https:\/\/www.lacooperativewelcoop.com\/wp-content\/uploads\/2020\/03\/Anne-LHOTE_journ\u00e9e-de-la-femme_V4.png","contentUrl":"https:\/\/www.lacooperativewelcoop.com\/wp-content\/uploads\/2020\/03\/Anne-LHOTE_journ\u00e9e-de-la-femme_V4.png","width":2560,"height":1440,"caption":"Anne LHOTE_journ\u00e9e de la femme"},{"@type":"BreadcrumbList","@id":"https:\/\/www.lacooperativewelcoop.com\/en\/blog\/anne-lhote\/#breadcrumb","itemListElement":[{"@type":"ListItem","position":1,"name":"Accueil","item":"https:\/\/www.lacooperativewelcoop.com\/en\/"},{"@type":"ListItem","position":2,"name":"Journ\u00e9e internationale des femmes : portrait de notre Secr\u00e9taire G\u00e9n\u00e9rale"}]},{"@type":"WebSite","@id":"https:\/\/www.lacooperativewelcoop.com\/#website","url":"https:\/\/www.lacooperativewelcoop.com\/","name":"La Coop\u00e9rative Welcoop","description":"Citoyens de la sant\u00e9 et du bien-\u00eatre","publisher":{"@id":"https:\/\/www.lacooperativewelcoop.com\/#organization"},"potentialAction":[{"@type":"SearchAction","target":{"@type":"EntryPoint","urlTemplate":"https:\/\/www.lacooperativewelcoop.com\/?s={search_term_string}"},"query-input":{"@type":"PropertyValueSpecification","valueRequired":true,"valueName":"search_term_string"}}],"inLanguage":"en-US"},{"@type":"Organization","@id":"https:\/\/www.lacooperativewelcoop.com\/#organization","name":"La Coop\u00e9rative Welcoop","url":"https:\/\/www.lacooperativewelcoop.com\/","logo":{"@type":"ImageObject","inLanguage":"en-US","@id":"https:\/\/www.lacooperativewelcoop.com\/#\/schema\/logo\/image\/","url":"https:\/\/www.lacooperativewelcoop.com\/wp-content\/uploads\/2019\/08\/logo@2x.png","contentUrl":"https:\/\/www.lacooperativewelcoop.com\/wp-content\/uploads\/2019\/08\/logo@2x.png","width":400,"height":218,"caption":"La Coop\u00e9rative Welcoop"},"image":{"@id":"https:\/\/www.lacooperativewelcoop.com\/#\/schema\/logo\/image\/"},"sameAs":["https:\/\/www.facebook.com\/lacooperativewelcoop","https:\/\/x.com\/LaCoopWelcoop","https:\/\/www.instagram.com\/lacooperativewelcoop\/","https:\/\/www.linkedin.com\/company\/la-cooperative-welcoop\/","https:\/\/www.youtube.com\/playlist?list=PLgsP06JS6FdCOQzquwK_JyDt9fl52quMf"]},{"@type":"Person","@id":"https:\/\/www.lacooperativewelcoop.com\/#\/schema\/person\/b00bd1bb9dc424818f91d09ea7377bb5","name":"Velvet MITCHEM-THERY","image":{"@type":"ImageObject","inLanguage":"en-US","@id":"https:\/\/secure.gravatar.com\/avatar\/84d5ecd62e5362b1f3e98d4af667997abdfbda57fcc8814bd2b28201e3903dad?s=96&d=mm&r=g","url":"https:\/\/secure.gravatar.com\/avatar\/84d5ecd62e5362b1f3e98d4af667997abdfbda57fcc8814bd2b28201e3903dad?s=96&d=mm&r=g","contentUrl":"https:\/\/secure.gravatar.com\/avatar\/84d5ecd62e5362b1f3e98d4af667997abdfbda57fcc8814bd2b28201e3903dad?s=96&d=mm&r=g","caption":"Velvet MITCHEM-THERY"}}]}},"_links":{"self":[{"href":"https:\/\/www.lacooperativewelcoop.com\/en\/wp-json\/wp\/v2\/posts\/7158","targetHints":{"allow":["GET"]}}],"collection":[{"href":"https:\/\/www.lacooperativewelcoop.com\/en\/wp-json\/wp\/v2\/posts"}],"about":[{"href":"https:\/\/www.lacooperativewelcoop.com\/en\/wp-json\/wp\/v2\/types\/post"}],"author":[{"embeddable":true,"href":"https:\/\/www.lacooperativewelcoop.com\/en\/wp-json\/wp\/v2\/users\/5"}],"replies":[{"embeddable":true,"href":"https:\/\/www.lacooperativewelcoop.com\/en\/wp-json\/wp\/v2\/comments?post=7158"}],"version-history":[{"count":28,"href":"https:\/\/www.lacooperativewelcoop.com\/en\/wp-json\/wp\/v2\/posts\/7158\/revisions"}],"predecessor-version":[{"id":10468,"href":"https:\/\/www.lacooperativewelcoop.com\/en\/wp-json\/wp\/v2\/posts\/7158\/revisions\/10468"}],"wp:featuredmedia":[{"embeddable":true,"href":"https:\/\/www.lacooperativewelcoop.com\/en\/wp-json\/wp\/v2\/media\/7188"}],"wp:attachment":[{"href":"https:\/\/www.lacooperativewelcoop.com\/en\/wp-json\/wp\/v2\/media?parent=7158"}],"wp:term":[{"taxonomy":"category","embeddable":true,"href":"https:\/\/www.lacooperativewelcoop.com\/en\/wp-json\/wp\/v2\/categories?post=7158"},{"taxonomy":"post_tag","embeddable":true,"href":"https:\/\/www.lacooperativewelcoop.com\/en\/wp-json\/wp\/v2\/tags?post=7158"}],"curies":[{"name":"wp","href":"https:\/\/api.w.org\/{rel}","templated":true}]}}